{"id":43102,"date":"2026-08-31T20:32:03","date_gmt":"2026-08-31T23:32:03","guid":{"rendered":"https:\/\/www.minasemfoco.com.br\/portal\/?p=43102"},"modified":"2026-08-31T20:32:03","modified_gmt":"2026-08-31T23:32:03","slug":"defesa-civil-alerta-para-tempestades-severas-no-sul-de-minas-veja-cidades-em-risco","status":"publish","type":"post","link":"https:\/\/www.minasemfoco.com.br\/portal\/geral\/defesa-civil-alerta-para-tempestades-severas-no-sul-de-minas-veja-cidades-em-risco\/","title":{"rendered":"Defesa Civil alerta para tempestades severas no Sul de Minas; veja cidades em risco"},"content":{"rendered":"<p class=\"isSelectedEnd\"><span style=\"font-family: tahoma, arial, helvetica, sans-serif; font-size: 12pt;\">A <strong>Defesa Civil de Minas Gerais emitiu um alerta para a ocorr\u00eancia de tempestades severas em v\u00e1rias regi\u00f5es do Estado<\/strong>, incluindo o <strong>Sul de Minas<\/strong>. O aviso \u00e9 v\u00e1lido at\u00e9 a <strong>manh\u00e3 desta ter\u00e7a-feira (1\u00ba)<\/strong>.<\/span><\/p><div id=\"minas-1727937164\" class=\"minas-conteudo minas-entity-placement\"><div id=\"39170-1\"><script src=\"\/\/ads.themoneytizer.com\/s\/gen.js?type=1\"><\/script><script src=\"\/\/ads.themoneytizer.com\/s\/requestform.js?siteId=39170&formatId=1\" ><\/script><\/div><\/div>\n<p class=\"isSelectedEnd\"><span style=\"font-family: tahoma, arial, helvetica, sans-serif; font-size: 12pt;\">Entre as cidades da regi\u00e3o que podem ser afetadas est\u00e3o <strong>Pouso Alegre, Santa Rita do Sapuca\u00ed, Po\u00e7os de Caldas e Itajub\u00e1<\/strong>.<\/span><\/p>\n<p class=\"isSelectedEnd\"><span style=\"font-family: tahoma, arial, helvetica, sans-serif; font-size: 12pt;\">Segundo a Defesa Civil, as tempestades podem provocar <strong>chuvas de at\u00e9 30 mil\u00edmetros<\/strong>, al\u00e9m de <strong>raios, trovoadas, rajadas de vento moderado e possibilidade de granizo<\/strong>.<\/span><\/p>\n<p class=\"isSelectedEnd\"><span style=\"font-family: tahoma, arial, helvetica, sans-serif; font-size: 12pt;\">Apesar da previs\u00e3o de acumulados de at\u00e9 30 mm, o \u00f3rg\u00e3o alerta que <strong>o volume de chuva pode ser superado pontualmente em algumas localidades<\/strong>.<\/span><\/p>\n<h3><span style=\"font-family: tahoma, arial, helvetica, sans-serif; font-size: 14pt;\">\ud83c\udf27\ufe0f Chuva forte e possibilidade de granizo<\/span><\/h3>\n<p class=\"isSelectedEnd\"><span style=\"font-family: tahoma, arial, helvetica, sans-serif; font-size: 12pt;\">O alerta prev\u00ea que as tempestades podem ocorrer acompanhadas de <strong>descargas el\u00e9tricas, trovoadas e ventos fortes<\/strong>, com possibilidade de <strong>queda de granizo em pontos isolados<\/strong>.<\/span><\/p>\n<p class=\"isSelectedEnd\"><span style=\"font-family: tahoma, arial, helvetica, sans-serif; font-size: 12pt;\">A orienta\u00e7\u00e3o \u00e9 para que a popula\u00e7\u00e3o <strong>acompanhe as atualiza\u00e7\u00f5es dos \u00f3rg\u00e3os oficiais<\/strong> e redobre os cuidados durante a ocorr\u00eancia de temporais, principalmente em locais sujeitos a <strong>alagamentos, enxurradas e quedas de \u00e1rvores<\/strong>.<\/span><\/p>\n<p><span style=\"font-family: tahoma, arial, helvetica, sans-serif; font-size: 12pt;\">Durante os raios e ventos fortes, a recomenda\u00e7\u00e3o \u00e9 <strong>evitar \u00e1reas abertas e locais pr\u00f3ximos a \u00e1rvores<\/strong>. Tamb\u00e9m \u00e9 importante procurar um lugar seguro e protegido at\u00e9 que a tempestade passe.<\/span><\/p>\n","protected":false},"excerpt":{"rendered":"<p>A Defesa Civil de Minas Gerais emitiu um alerta para a ocorr\u00eancia de tempestades severas em v\u00e1rias regi\u00f5es do Estado, incluindo o Sul de Minas. O aviso \u00e9 v\u00e1lido at\u00e9 a manh\u00e3 desta ter\u00e7a-feira (1\u00ba). Entre as cidades da regi\u00e3o que podem ser afetadas est\u00e3o Pouso Alegre, Santa Rita do Sapuca\u00ed, Po\u00e7os de Caldas e<\/p>\n","protected":false},"author":3,"featured_media":43104,"comment_status":"open","ping_status":"open","sticky":false,"template":"","format":"standard","meta":{"_sharing_image":[],"_sharing_image_fieldset":[],"footnotes":""},"categories":[1,532],"tags":[],"class_list":["post-43102","post","type-post","status-publish","format-standard","has-post-thumbnail","category-geral","category-sul-de-minas"],"yoast_head":"<!-- This site is optimized with the Yoast SEO plugin v27.5 - https:\/\/yoast.com\/product\/yoast-seo-wordpress\/ -->\n<title>Defesa Civil alerta para tempestades severas no Sul de Minas; veja cidades em risco - Minas em Foco<\/title>\n<meta name=\"robots\" content=\"index, follow, max-snippet:-1, max-image-preview:large, max-video-preview:-1\" \/>\n<link rel=\"canonical\" href=\"https:\/\/www.minasemfoco.com.br\/portal\/geral\/defesa-civil-alerta-para-tempestades-severas-no-sul-de-minas-veja-cidades-em-risco\/\" \/>\n<meta property=\"og:locale\" content=\"pt_BR\" \/>\n<meta property=\"og:type\" content=\"article\" \/>\n<meta property=\"og:title\" content=\"Defesa Civil alerta para tempestades severas no Sul de Minas; veja cidades em risco - Minas em Foco\" \/>\n<meta property=\"og:description\" content=\"A Defesa Civil de Minas Gerais emitiu um alerta para a ocorr\u00eancia de tempestades severas em v\u00e1rias regi\u00f5es do Estado, incluindo o Sul de Minas. O aviso \u00e9 v\u00e1lido at\u00e9 a manh\u00e3 desta ter\u00e7a-feira (1\u00ba). Entre as cidades da regi\u00e3o que podem ser afetadas est\u00e3o Pouso Alegre, Santa Rita do Sapuca\u00ed, Po\u00e7os de Caldas e\" \/>\n<meta property=\"og:url\" content=\"https:\/\/www.minasemfoco.com.br\/portal\/geral\/defesa-civil-alerta-para-tempestades-severas-no-sul-de-minas-veja-cidades-em-risco\/\" \/>\n<meta property=\"og:site_name\" content=\"Minas em Foco\" \/>\n<meta property=\"article:published_time\" content=\"2026-08-31T23:32:03+00:00\" \/>\n<meta property=\"og:image\" content=\"https:\/\/www.minasemfoco.com.br\/portal\/wp-content\/uploads\/2026\/08\/114d3ddeb4ab82bbeeb2970d28ee93ba.jpg\" \/>\n\t<meta property=\"og:image:width\" content=\"1000\" \/>\n\t<meta property=\"og:image:height\" content=\"668\" \/>\n\t<meta property=\"og:image:type\" content=\"image\/jpeg\" \/>\n<meta name=\"author\" content=\"admin\" \/>\n<meta name=\"twitter:card\" content=\"summary_large_image\" \/>\n<meta name=\"twitter:label1\" content=\"Escrito por\" \/>\n\t<meta name=\"twitter:data1\" content=\"admin\" \/>\n\t<meta name=\"twitter:label2\" content=\"Est. tempo de leitura\" \/>\n\t<meta name=\"twitter:data2\" content=\"2 minutos\" \/>\n<script type=\"application\/ld+json\" class=\"yoast-schema-graph\">{\"@context\":\"https:\\\/\\\/schema.org\",\"@graph\":[{\"@type\":\"Article\",\"@id\":\"https:\\\/\\\/www.minasemfoco.com.br\\\/portal\\\/geral\\\/defesa-civil-alerta-para-tempestades-severas-no-sul-de-minas-veja-cidades-em-risco\\\/#article\",\"isPartOf\":{\"@id\":\"https:\\\/\\\/www.minasemfoco.com.br\\\/portal\\\/geral\\\/defesa-civil-alerta-para-tempestades-severas-no-sul-de-minas-veja-cidades-em-risco\\\/\"},\"author\":{\"name\":\"admin\",\"@id\":\"https:\\\/\\\/www.minasemfoco.com.br\\\/portal\\\/#\\\/schema\\\/person\\\/3f6bd4bdeadbf51a94c3dea2625024e2\"},\"headline\":\"Defesa Civil alerta para tempestades severas no Sul de Minas; veja cidades em risco\",\"datePublished\":\"2026-08-31T23:32:03+00:00\",\"mainEntityOfPage\":{\"@id\":\"https:\\\/\\\/www.minasemfoco.com.br\\\/portal\\\/geral\\\/defesa-civil-alerta-para-tempestades-severas-no-sul-de-minas-veja-cidades-em-risco\\\/\"},\"wordCount\":228,\"commentCount\":0,\"publisher\":{\"@id\":\"https:\\\/\\\/www.minasemfoco.com.br\\\/portal\\\/#organization\"},\"image\":{\"@id\":\"https:\\\/\\\/www.minasemfoco.com.br\\\/portal\\\/geral\\\/defesa-civil-alerta-para-tempestades-severas-no-sul-de-minas-veja-cidades-em-risco\\\/#primaryimage\"},\"thumbnailUrl\":\"https:\\\/\\\/www.minasemfoco.com.br\\\/portal\\\/wp-content\\\/uploads\\\/2026\\\/08\\\/114d3ddeb4ab82bbeeb2970d28ee93ba.jpg\",\"articleSection\":[\"Geral\",\"Sul de Minas\"],\"inLanguage\":\"pt-BR\",\"potentialAction\":[{\"@type\":\"CommentAction\",\"name\":\"Comment\",\"target\":[\"https:\\\/\\\/www.minasemfoco.com.br\\\/portal\\\/geral\\\/defesa-civil-alerta-para-tempestades-severas-no-sul-de-minas-veja-cidades-em-risco\\\/#respond\"]}]},{\"@type\":\"WebPage\",\"@id\":\"https:\\\/\\\/www.minasemfoco.com.br\\\/portal\\\/geral\\\/defesa-civil-alerta-para-tempestades-severas-no-sul-de-minas-veja-cidades-em-risco\\\/\",\"url\":\"https:\\\/\\\/www.minasemfoco.com.br\\\/portal\\\/geral\\\/defesa-civil-alerta-para-tempestades-severas-no-sul-de-minas-veja-cidades-em-risco\\\/\",\"name\":\"Defesa Civil alerta para tempestades severas no Sul de Minas; veja cidades em risco - Minas em Foco\",\"isPartOf\":{\"@id\":\"https:\\\/\\\/www.minasemfoco.com.br\\\/portal\\\/#website\"},\"primaryImageOfPage\":{\"@id\":\"https:\\\/\\\/www.minasemfoco.com.br\\\/portal\\\/geral\\\/defesa-civil-alerta-para-tempestades-severas-no-sul-de-minas-veja-cidades-em-risco\\\/#primaryimage\"},\"image\":{\"@id\":\"https:\\\/\\\/www.minasemfoco.com.br\\\/portal\\\/geral\\\/defesa-civil-alerta-para-tempestades-severas-no-sul-de-minas-veja-cidades-em-risco\\\/#primaryimage\"},\"thumbnailUrl\":\"https:\\\/\\\/www.minasemfoco.com.br\\\/portal\\\/wp-content\\\/uploads\\\/2026\\\/08\\\/114d3ddeb4ab82bbeeb2970d28ee93ba.jpg\",\"datePublished\":\"2026-08-31T23:32:03+00:00\",\"breadcrumb\":{\"@id\":\"https:\\\/\\\/www.minasemfoco.com.br\\\/portal\\\/geral\\\/defesa-civil-alerta-para-tempestades-severas-no-sul-de-minas-veja-cidades-em-risco\\\/#breadcrumb\"},\"inLanguage\":\"pt-BR\",\"potentialAction\":[{\"@type\":\"ReadAction\",\"target\":[\"https:\\\/\\\/www.minasemfoco.com.br\\\/portal\\\/geral\\\/defesa-civil-alerta-para-tempestades-severas-no-sul-de-minas-veja-cidades-em-risco\\\/\"]}]},{\"@type\":\"ImageObject\",\"inLanguage\":\"pt-BR\",\"@id\":\"https:\\\/\\\/www.minasemfoco.com.br\\\/portal\\\/geral\\\/defesa-civil-alerta-para-tempestades-severas-no-sul-de-minas-veja-cidades-em-risco\\\/#primaryimage\",\"url\":\"https:\\\/\\\/www.minasemfoco.com.br\\\/portal\\\/wp-content\\\/uploads\\\/2026\\\/08\\\/114d3ddeb4ab82bbeeb2970d28ee93ba.jpg\",\"contentUrl\":\"https:\\\/\\\/www.minasemfoco.com.br\\\/portal\\\/wp-content\\\/uploads\\\/2026\\\/08\\\/114d3ddeb4ab82bbeeb2970d28ee93ba.jpg\",\"width\":1000,\"height\":668},{\"@type\":\"BreadcrumbList\",\"@id\":\"https:\\\/\\\/www.minasemfoco.com.br\\\/portal\\\/geral\\\/defesa-civil-alerta-para-tempestades-severas-no-sul-de-minas-veja-cidades-em-risco\\\/#breadcrumb\",\"itemListElement\":[{\"@type\":\"ListItem\",\"position\":1,\"name\":\"In\u00edcio\",\"item\":\"https:\\\/\\\/www.minasemfoco.com.br\\\/portal\\\/\"},{\"@type\":\"ListItem\",\"position\":2,\"name\":\"Defesa Civil alerta para tempestades severas no Sul de Minas; veja cidades em risco\"}]},{\"@type\":\"WebSite\",\"@id\":\"https:\\\/\\\/www.minasemfoco.com.br\\\/portal\\\/#website\",\"url\":\"https:\\\/\\\/www.minasemfoco.com.br\\\/portal\\\/\",\"name\":\"Minas em Foco\",\"description\":\"\",\"publisher\":{\"@id\":\"https:\\\/\\\/www.minasemfoco.com.br\\\/portal\\\/#organization\"},\"potentialAction\":[{\"@type\":\"SearchAction\",\"target\":{\"@type\":\"EntryPoint\",\"urlTemplate\":\"https:\\\/\\\/www.minasemfoco.com.br\\\/portal\\\/?s={search_term_string}\"},\"query-input\":{\"@type\":\"PropertyValueSpecification\",\"valueRequired\":true,\"valueName\":\"search_term_string\"}}],\"inLanguage\":\"pt-BR\"},{\"@type\":\"Organization\",\"@id\":\"https:\\\/\\\/www.minasemfoco.com.br\\\/portal\\\/#organization\",\"name\":\"Minas em Foco\",\"url\":\"https:\\\/\\\/www.minasemfoco.com.br\\\/portal\\\/\",\"logo\":{\"@type\":\"ImageObject\",\"inLanguage\":\"pt-BR\",\"@id\":\"https:\\\/\\\/www.minasemfoco.com.br\\\/portal\\\/#\\\/schema\\\/logo\\\/image\\\/\",\"url\":\"https:\\\/\\\/www.minasemfoco.com.br\\\/portal\\\/wp-content\\\/uploads\\\/2026\\\/04\\\/logo1.png\",\"contentUrl\":\"https:\\\/\\\/www.minasemfoco.com.br\\\/portal\\\/wp-content\\\/uploads\\\/2026\\\/04\\\/logo1.png\",\"width\":1236,\"height\":461,\"caption\":\"Minas em Foco\"},\"image\":{\"@id\":\"https:\\\/\\\/www.minasemfoco.com.br\\\/portal\\\/#\\\/schema\\\/logo\\\/image\\\/\"}},{\"@type\":\"Person\",\"@id\":\"https:\\\/\\\/www.minasemfoco.com.br\\\/portal\\\/#\\\/schema\\\/person\\\/3f6bd4bdeadbf51a94c3dea2625024e2\",\"name\":\"admin\",\"image\":{\"@type\":\"ImageObject\",\"inLanguage\":\"pt-BR\",\"@id\":\"https:\\\/\\\/www.minasemfoco.com.br\\\/portal\\\/wp-content\\\/litespeed\\\/avatar\\\/54516da205052da20f27d19cd1bde445.jpg?ver=1788194102\",\"url\":\"https:\\\/\\\/www.minasemfoco.com.br\\\/portal\\\/wp-content\\\/litespeed\\\/avatar\\\/54516da205052da20f27d19cd1bde445.jpg?ver=1788194102\",\"contentUrl\":\"https:\\\/\\\/www.minasemfoco.com.br\\\/portal\\\/wp-content\\\/litespeed\\\/avatar\\\/54516da205052da20f27d19cd1bde445.jpg?ver=1788194102\",\"caption\":\"admin\"},\"url\":\"https:\\\/\\\/www.minasemfoco.com.br\\\/portal\\\/author\\\/admin\\\/\"}]}<\/script>\n<!-- \/ Yoast SEO plugin. -->","yoast_head_json":{"title":"Defesa Civil alerta para tempestades severas no Sul de Minas; veja cidades em risco - Minas em Foco","robots":{"index":"index","follow":"follow","max-snippet":"max-snippet:-1","max-image-preview":"max-image-preview:large","max-video-preview":"max-video-preview:-1"},"canonical":"https:\/\/www.minasemfoco.com.br\/portal\/geral\/defesa-civil-alerta-para-tempestades-severas-no-sul-de-minas-veja-cidades-em-risco\/","og_locale":"pt_BR","og_type":"article","og_title":"Defesa Civil alerta para tempestades severas no Sul de Minas; veja cidades em risco - Minas em Foco","og_description":"A Defesa Civil de Minas Gerais emitiu um alerta para a ocorr\u00eancia de tempestades severas em v\u00e1rias regi\u00f5es do Estado, incluindo o Sul de Minas. O aviso \u00e9 v\u00e1lido at\u00e9 a manh\u00e3 desta ter\u00e7a-feira (1\u00ba). Entre as cidades da regi\u00e3o que podem ser afetadas est\u00e3o Pouso Alegre, Santa Rita do Sapuca\u00ed, Po\u00e7os de Caldas e","og_url":"https:\/\/www.minasemfoco.com.br\/portal\/geral\/defesa-civil-alerta-para-tempestades-severas-no-sul-de-minas-veja-cidades-em-risco\/","og_site_name":"Minas em Foco","article_published_time":"2026-08-31T23:32:03+00:00","og_image":[{"width":1000,"height":668,"url":"https:\/\/www.minasemfoco.com.br\/portal\/wp-content\/uploads\/2026\/08\/114d3ddeb4ab82bbeeb2970d28ee93ba.jpg","type":"image\/jpeg"}],"author":"admin","twitter_card":"summary_large_image","twitter_misc":{"Escrito por":"admin","Est. tempo de leitura":"2 minutos"},"schema":{"@context":"https:\/\/schema.org","@graph":[{"@type":"Article","@id":"https:\/\/www.minasemfoco.com.br\/portal\/geral\/defesa-civil-alerta-para-tempestades-severas-no-sul-de-minas-veja-cidades-em-risco\/#article","isPartOf":{"@id":"https:\/\/www.minasemfoco.com.br\/portal\/geral\/defesa-civil-alerta-para-tempestades-severas-no-sul-de-minas-veja-cidades-em-risco\/"},"author":{"name":"admin","@id":"https:\/\/www.minasemfoco.com.br\/portal\/#\/schema\/person\/3f6bd4bdeadbf51a94c3dea2625024e2"},"headline":"Defesa Civil alerta para tempestades severas no Sul de Minas; veja cidades em risco","datePublished":"2026-08-31T23:32:03+00:00","mainEntityOfPage":{"@id":"https:\/\/www.minasemfoco.com.br\/portal\/geral\/defesa-civil-alerta-para-tempestades-severas-no-sul-de-minas-veja-cidades-em-risco\/"},"wordCount":228,"commentCount":0,"publisher":{"@id":"https:\/\/www.minasemfoco.com.br\/portal\/#organization"},"image":{"@id":"https:\/\/www.minasemfoco.com.br\/portal\/geral\/defesa-civil-alerta-para-tempestades-severas-no-sul-de-minas-veja-cidades-em-risco\/#primaryimage"},"thumbnailUrl":"https:\/\/www.minasemfoco.com.br\/portal\/wp-content\/uploads\/2026\/08\/114d3ddeb4ab82bbeeb2970d28ee93ba.jpg","articleSection":["Geral","Sul de Minas"],"inLanguage":"pt-BR","potentialAction":[{"@type":"CommentAction","name":"Comment","target":["https:\/\/www.minasemfoco.com.br\/portal\/geral\/defesa-civil-alerta-para-tempestades-severas-no-sul-de-minas-veja-cidades-em-risco\/#respond"]}]},{"@type":"WebPage","@id":"https:\/\/www.minasemfoco.com.br\/portal\/geral\/defesa-civil-alerta-para-tempestades-severas-no-sul-de-minas-veja-cidades-em-risco\/","url":"https:\/\/www.minasemfoco.com.br\/portal\/geral\/defesa-civil-alerta-para-tempestades-severas-no-sul-de-minas-veja-cidades-em-risco\/","name":"Defesa Civil alerta para tempestades severas no Sul de Minas; veja cidades em risco - Minas em Foco","isPartOf":{"@id":"https:\/\/www.minasemfoco.com.br\/portal\/#website"},"primaryImageOfPage":{"@id":"https:\/\/www.minasemfoco.com.br\/portal\/geral\/defesa-civil-alerta-para-tempestades-severas-no-sul-de-minas-veja-cidades-em-risco\/#primaryimage"},"image":{"@id":"https:\/\/www.minasemfoco.com.br\/portal\/geral\/defesa-civil-alerta-para-tempestades-severas-no-sul-de-minas-veja-cidades-em-risco\/#primaryimage"},"thumbnailUrl":"https:\/\/www.minasemfoco.com.br\/portal\/wp-content\/uploads\/2026\/08\/114d3ddeb4ab82bbeeb2970d28ee93ba.jpg","datePublished":"2026-08-31T23:32:03+00:00","breadcrumb":{"@id":"https:\/\/www.minasemfoco.com.br\/portal\/geral\/defesa-civil-alerta-para-tempestades-severas-no-sul-de-minas-veja-cidades-em-risco\/#breadcrumb"},"inLanguage":"pt-BR","potentialAction":[{"@type":"ReadAction","target":["https:\/\/www.minasemfoco.com.br\/portal\/geral\/defesa-civil-alerta-para-tempestades-severas-no-sul-de-minas-veja-cidades-em-risco\/"]}]},{"@type":"ImageObject","inLanguage":"pt-BR","@id":"https:\/\/www.minasemfoco.com.br\/portal\/geral\/defesa-civil-alerta-para-tempestades-severas-no-sul-de-minas-veja-cidades-em-risco\/#primaryimage","url":"https:\/\/www.minasemfoco.com.br\/portal\/wp-content\/uploads\/2026\/08\/114d3ddeb4ab82bbeeb2970d28ee93ba.jpg","contentUrl":"https:\/\/www.minasemfoco.com.br\/portal\/wp-content\/uploads\/2026\/08\/114d3ddeb4ab82bbeeb2970d28ee93ba.jpg","width":1000,"height":668},{"@type":"BreadcrumbList","@id":"https:\/\/www.minasemfoco.com.br\/portal\/geral\/defesa-civil-alerta-para-tempestades-severas-no-sul-de-minas-veja-cidades-em-risco\/#breadcrumb","itemListElement":[{"@type":"ListItem","position":1,"name":"In\u00edcio","item":"https:\/\/www.minasemfoco.com.br\/portal\/"},{"@type":"ListItem","position":2,"name":"Defesa Civil alerta para tempestades severas no Sul de Minas; veja cidades em risco"}]},{"@type":"WebSite","@id":"https:\/\/www.minasemfoco.com.br\/portal\/#website","url":"https:\/\/www.minasemfoco.com.br\/portal\/","name":"Minas em Foco","description":"","publisher":{"@id":"https:\/\/www.minasemfoco.com.br\/portal\/#organization"},"potentialAction":[{"@type":"SearchAction","target":{"@type":"EntryPoint","urlTemplate":"https:\/\/www.minasemfoco.com.br\/portal\/?s={search_term_string}"},"query-input":{"@type":"PropertyValueSpecification","valueRequired":true,"valueName":"search_term_string"}}],"inLanguage":"pt-BR"},{"@type":"Organization","@id":"https:\/\/www.minasemfoco.com.br\/portal\/#organization","name":"Minas em Foco","url":"https:\/\/www.minasemfoco.com.br\/portal\/","logo":{"@type":"ImageObject","inLanguage":"pt-BR","@id":"https:\/\/www.minasemfoco.com.br\/portal\/#\/schema\/logo\/image\/","url":"https:\/\/www.minasemfoco.com.br\/portal\/wp-content\/uploads\/2026\/04\/logo1.png","contentUrl":"https:\/\/www.minasemfoco.com.br\/portal\/wp-content\/uploads\/2026\/04\/logo1.png","width":1236,"height":461,"caption":"Minas em Foco"},"image":{"@id":"https:\/\/www.minasemfoco.com.br\/portal\/#\/schema\/logo\/image\/"}},{"@type":"Person","@id":"https:\/\/www.minasemfoco.com.br\/portal\/#\/schema\/person\/3f6bd4bdeadbf51a94c3dea2625024e2","name":"admin","image":{"@type":"ImageObject","inLanguage":"pt-BR","@id":"https:\/\/www.minasemfoco.com.br\/portal\/wp-content\/litespeed\/avatar\/54516da205052da20f27d19cd1bde445.jpg?ver=1788194102","url":"https:\/\/www.minasemfoco.com.br\/portal\/wp-content\/litespeed\/avatar\/54516da205052da20f27d19cd1bde445.jpg?ver=1788194102","contentUrl":"https:\/\/www.minasemfoco.com.br\/portal\/wp-content\/litespeed\/avatar\/54516da205052da20f27d19cd1bde445.jpg?ver=1788194102","caption":"admin"},"url":"https:\/\/www.minasemfoco.com.br\/portal\/author\/admin\/"}]}},"_links":{"self":[{"href":"https:\/\/www.minasemfoco.com.br\/portal\/wp-json\/wp\/v2\/posts\/43102","targetHints":{"allow":["GET"]}}],"collection":[{"href":"https:\/\/www.minasemfoco.com.br\/portal\/wp-json\/wp\/v2\/posts"}],"about":[{"href":"https:\/\/www.minasemfoco.com.br\/portal\/wp-json\/wp\/v2\/types\/post"}],"author":[{"embeddable":true,"href":"https:\/\/www.minasemfoco.com.br\/portal\/wp-json\/wp\/v2\/users\/3"}],"replies":[{"embeddable":true,"href":"https:\/\/www.minasemfoco.com.br\/portal\/wp-json\/wp\/v2\/comments?post=43102"}],"version-history":[{"count":1,"href":"https:\/\/www.minasemfoco.com.br\/portal\/wp-json\/wp\/v2\/posts\/43102\/revisions"}],"predecessor-version":[{"id":43103,"href":"https:\/\/www.minasemfoco.com.br\/portal\/wp-json\/wp\/v2\/posts\/43102\/revisions\/43103"}],"wp:featuredmedia":[{"embeddable":true,"href":"https:\/\/www.minasemfoco.com.br\/portal\/wp-json\/wp\/v2\/media\/43104"}],"wp:attachment":[{"href":"https:\/\/www.minasemfoco.com.br\/portal\/wp-json\/wp\/v2\/media?parent=43102"}],"wp:term":[{"taxonomy":"category","embeddable":true,"href":"https:\/\/www.minasemfoco.com.br\/portal\/wp-json\/wp\/v2\/categories?post=43102"},{"taxonomy":"post_tag","embeddable":true,"href":"https:\/\/www.minasemfoco.com.br\/portal\/wp-json\/wp\/v2\/tags?post=43102"}],"curies":[{"name":"wp","href":"https:\/\/api.w.org\/{rel}","templated":true}]}}