{"id":43105,"date":"2026-08-31T20:41:46","date_gmt":"2026-08-31T23:41:46","guid":{"rendered":"https:\/\/www.minasemfoco.com.br\/portal\/?p=43105"},"modified":"2026-08-31T20:41:46","modified_gmt":"2026-08-31T23:41:46","slug":"dupla-e-presa-suspeita-de-furtar-supermercados-em-pouso-alegre-e-outras-cidades-do-sul-de-minas","status":"publish","type":"post","link":"https:\/\/www.minasemfoco.com.br\/portal\/destaque\/dupla-e-presa-suspeita-de-furtar-supermercados-em-pouso-alegre-e-outras-cidades-do-sul-de-minas\/","title":{"rendered":"Dupla \u00e9 presa suspeita de furtar supermercados em Pouso Alegre e outras cidades do Sul de Minas"},"content":{"rendered":"<p class=\"PDq2pG_selectionAnchorContainer\" data-start=\"101\" data-end=\"336\"><span style=\"font-family: tahoma, arial, helvetica, sans-serif; font-size: 12pt;\">Dois homens, de <strong data-start=\"117\" data-end=\"167\">26 e 33 anos, foram presos na sexta-feira (28)<\/strong> suspeitos de furtar mercadorias de supermercados em <strong data-start=\"220\" data-end=\"279\">S\u00e3o Gon\u00e7alo do Sapuca\u00ed e outras cidades do Sul de Minas<\/strong>. Segundo a Pol\u00edcia Militar, a dupla \u00e9 de Belo Horizonte.<\/span><\/p><div id=\"minas-3946464117\" class=\"minas-conteudo minas-entity-placement\"><div id=\"39170-1\"><script src=\"\/\/ads.themoneytizer.com\/s\/gen.js?type=1\"><\/script><script src=\"\/\/ads.themoneytizer.com\/s\/requestform.js?siteId=39170&formatId=1\" ><\/script><\/div><\/div>\n<p data-start=\"338\" data-end=\"569\"><span style=\"font-family: tahoma, arial, helvetica, sans-serif; font-size: 12pt;\">A pris\u00e3o aconteceu ap\u00f3s a PM ser acionada para uma ocorr\u00eancia de <strong data-start=\"403\" data-end=\"457\">furto em um supermercado de S\u00e3o Gon\u00e7alo do Sapuca\u00ed<\/strong>. Durante a abordagem, um dos suspeitos tentou se esconder nas proximidades, mas foi localizado pelos policiais.<\/span><\/p>\n<p data-start=\"571\" data-end=\"835\"><span style=\"font-family: tahoma, arial, helvetica, sans-serif; font-size: 12pt;\">No carro utilizado pelos homens, que havia sido <strong data-start=\"619\" data-end=\"648\">alugado em Belo Horizonte<\/strong>, foram encontradas diversas mercadorias. Entre os produtos apreendidos estavam <strong data-start=\"728\" data-end=\"788\">26 garrafas de u\u00edsque, sete de gim e 14 pe\u00e7as de picanha<\/strong>, al\u00e9m de molho de alho, leite e refrigerantes.<\/span><\/p>\n<p data-start=\"837\" data-end=\"974\"><span style=\"font-family: tahoma, arial, helvetica, sans-serif; font-size: 12pt;\">De acordo com a Pol\u00edcia Militar, os suspeitos <strong data-start=\"883\" data-end=\"963\">atuariam de forma especializada em furtos contra estabelecimentos comerciais<\/strong> da regi\u00e3o.<\/span><\/p>\n<p data-start=\"976\" data-end=\"1116\"><span style=\"font-family: tahoma, arial, helvetica, sans-serif; font-size: 12pt;\">Ainda segundo a corpora\u00e7\u00e3o, h\u00e1 registros de ocorr\u00eancias semelhantes envolvendo a dupla em <strong data-start=\"1066\" data-end=\"1115\">Pouso Alegre, Itajub\u00e1 e Santa Rita do Sapuca\u00ed<\/strong>.<\/span><\/p>\n<p data-start=\"1118\" data-end=\"1226\" data-is-last-node=\"\" data-is-only-node=\"\"><span style=\"font-family: tahoma, arial, helvetica, sans-serif; font-size: 12pt;\">Os dois homens e os produtos apreendidos foram <strong data-start=\"1165\" data-end=\"1197\">encaminhados \u00e0 Pol\u00edcia Civil<\/strong>, que deve investigar o caso.<\/span><\/p>\n","protected":false},"excerpt":{"rendered":"<p>Dois homens, de 26 e 33 anos, foram presos na sexta-feira (28) suspeitos de furtar mercadorias de supermercados em S\u00e3o Gon\u00e7alo do Sapuca\u00ed e outras cidades do Sul de Minas. Segundo a Pol\u00edcia Militar, a dupla \u00e9 de Belo Horizonte. A pris\u00e3o aconteceu ap\u00f3s a PM ser acionada para uma ocorr\u00eancia de furto em um<\/p>\n","protected":false},"author":3,"featured_media":43106,"comment_status":"open","ping_status":"open","sticky":false,"template":"","format":"standard","meta":{"_sharing_image":[],"_sharing_image_fieldset":[],"footnotes":""},"categories":[534,532],"tags":[],"class_list":["post-43105","post","type-post","status-publish","format-standard","has-post-thumbnail","category-destaque","category-sul-de-minas"],"yoast_head":"<!-- This site is optimized with the Yoast SEO plugin v27.5 - https:\/\/yoast.com\/product\/yoast-seo-wordpress\/ -->\n<title>Dupla \u00e9 presa suspeita de furtar supermercados em Pouso Alegre e outras cidades do Sul de Minas - Minas em Foco<\/title>\n<meta name=\"robots\" content=\"index, follow, max-snippet:-1, max-image-preview:large, max-video-preview:-1\" \/>\n<link rel=\"canonical\" href=\"https:\/\/www.minasemfoco.com.br\/portal\/destaque\/dupla-e-presa-suspeita-de-furtar-supermercados-em-pouso-alegre-e-outras-cidades-do-sul-de-minas\/\" \/>\n<meta property=\"og:locale\" content=\"pt_BR\" \/>\n<meta property=\"og:type\" content=\"article\" \/>\n<meta property=\"og:title\" content=\"Dupla \u00e9 presa suspeita de furtar supermercados em Pouso Alegre e outras cidades do Sul de Minas - Minas em Foco\" \/>\n<meta property=\"og:description\" content=\"Dois homens, de 26 e 33 anos, foram presos na sexta-feira (28) suspeitos de furtar mercadorias de supermercados em S\u00e3o Gon\u00e7alo do Sapuca\u00ed e outras cidades do Sul de Minas. Segundo a Pol\u00edcia Militar, a dupla \u00e9 de Belo Horizonte. A pris\u00e3o aconteceu ap\u00f3s a PM ser acionada para uma ocorr\u00eancia de furto em um\" \/>\n<meta property=\"og:url\" content=\"https:\/\/www.minasemfoco.com.br\/portal\/destaque\/dupla-e-presa-suspeita-de-furtar-supermercados-em-pouso-alegre-e-outras-cidades-do-sul-de-minas\/\" \/>\n<meta property=\"og:site_name\" content=\"Minas em Foco\" \/>\n<meta property=\"article:published_time\" content=\"2026-08-31T23:41:46+00:00\" \/>\n<meta property=\"og:image\" content=\"https:\/\/www.minasemfoco.com.br\/portal\/wp-content\/uploads\/2026\/08\/furto-supermercados-site.jpg\" \/>\n\t<meta property=\"og:image:width\" content=\"1000\" \/>\n\t<meta property=\"og:image:height\" content=\"600\" \/>\n\t<meta property=\"og:image:type\" content=\"image\/jpeg\" \/>\n<meta name=\"author\" content=\"admin\" \/>\n<meta name=\"twitter:card\" content=\"summary_large_image\" \/>\n<meta name=\"twitter:label1\" content=\"Escrito por\" \/>\n\t<meta name=\"twitter:data1\" content=\"admin\" \/>\n\t<meta name=\"twitter:label2\" content=\"Est. tempo de leitura\" \/>\n\t<meta name=\"twitter:data2\" content=\"2 minutos\" \/>\n<script type=\"application\/ld+json\" class=\"yoast-schema-graph\">{\"@context\":\"https:\\\/\\\/schema.org\",\"@graph\":[{\"@type\":\"Article\",\"@id\":\"https:\\\/\\\/www.minasemfoco.com.br\\\/portal\\\/destaque\\\/dupla-e-presa-suspeita-de-furtar-supermercados-em-pouso-alegre-e-outras-cidades-do-sul-de-minas\\\/#article\",\"isPartOf\":{\"@id\":\"https:\\\/\\\/www.minasemfoco.com.br\\\/portal\\\/destaque\\\/dupla-e-presa-suspeita-de-furtar-supermercados-em-pouso-alegre-e-outras-cidades-do-sul-de-minas\\\/\"},\"author\":{\"name\":\"admin\",\"@id\":\"https:\\\/\\\/www.minasemfoco.com.br\\\/portal\\\/#\\\/schema\\\/person\\\/3f6bd4bdeadbf51a94c3dea2625024e2\"},\"headline\":\"Dupla \u00e9 presa suspeita de furtar supermercados em Pouso Alegre e outras cidades do Sul de Minas\",\"datePublished\":\"2026-08-31T23:41:46+00:00\",\"mainEntityOfPage\":{\"@id\":\"https:\\\/\\\/www.minasemfoco.com.br\\\/portal\\\/destaque\\\/dupla-e-presa-suspeita-de-furtar-supermercados-em-pouso-alegre-e-outras-cidades-do-sul-de-minas\\\/\"},\"wordCount\":200,\"commentCount\":0,\"publisher\":{\"@id\":\"https:\\\/\\\/www.minasemfoco.com.br\\\/portal\\\/#organization\"},\"image\":{\"@id\":\"https:\\\/\\\/www.minasemfoco.com.br\\\/portal\\\/destaque\\\/dupla-e-presa-suspeita-de-furtar-supermercados-em-pouso-alegre-e-outras-cidades-do-sul-de-minas\\\/#primaryimage\"},\"thumbnailUrl\":\"https:\\\/\\\/www.minasemfoco.com.br\\\/portal\\\/wp-content\\\/uploads\\\/2026\\\/08\\\/furto-supermercados-site.jpg\",\"articleSection\":[\"Destaque\",\"Sul de Minas\"],\"inLanguage\":\"pt-BR\",\"potentialAction\":[{\"@type\":\"CommentAction\",\"name\":\"Comment\",\"target\":[\"https:\\\/\\\/www.minasemfoco.com.br\\\/portal\\\/destaque\\\/dupla-e-presa-suspeita-de-furtar-supermercados-em-pouso-alegre-e-outras-cidades-do-sul-de-minas\\\/#respond\"]}]},{\"@type\":\"WebPage\",\"@id\":\"https:\\\/\\\/www.minasemfoco.com.br\\\/portal\\\/destaque\\\/dupla-e-presa-suspeita-de-furtar-supermercados-em-pouso-alegre-e-outras-cidades-do-sul-de-minas\\\/\",\"url\":\"https:\\\/\\\/www.minasemfoco.com.br\\\/portal\\\/destaque\\\/dupla-e-presa-suspeita-de-furtar-supermercados-em-pouso-alegre-e-outras-cidades-do-sul-de-minas\\\/\",\"name\":\"Dupla \u00e9 presa suspeita de furtar supermercados em Pouso Alegre e outras cidades do Sul de Minas - Minas em Foco\",\"isPartOf\":{\"@id\":\"https:\\\/\\\/www.minasemfoco.com.br\\\/portal\\\/#website\"},\"primaryImageOfPage\":{\"@id\":\"https:\\\/\\\/www.minasemfoco.com.br\\\/portal\\\/destaque\\\/dupla-e-presa-suspeita-de-furtar-supermercados-em-pouso-alegre-e-outras-cidades-do-sul-de-minas\\\/#primaryimage\"},\"image\":{\"@id\":\"https:\\\/\\\/www.minasemfoco.com.br\\\/portal\\\/destaque\\\/dupla-e-presa-suspeita-de-furtar-supermercados-em-pouso-alegre-e-outras-cidades-do-sul-de-minas\\\/#primaryimage\"},\"thumbnailUrl\":\"https:\\\/\\\/www.minasemfoco.com.br\\\/portal\\\/wp-content\\\/uploads\\\/2026\\\/08\\\/furto-supermercados-site.jpg\",\"datePublished\":\"2026-08-31T23:41:46+00:00\",\"breadcrumb\":{\"@id\":\"https:\\\/\\\/www.minasemfoco.com.br\\\/portal\\\/destaque\\\/dupla-e-presa-suspeita-de-furtar-supermercados-em-pouso-alegre-e-outras-cidades-do-sul-de-minas\\\/#breadcrumb\"},\"inLanguage\":\"pt-BR\",\"potentialAction\":[{\"@type\":\"ReadAction\",\"target\":[\"https:\\\/\\\/www.minasemfoco.com.br\\\/portal\\\/destaque\\\/dupla-e-presa-suspeita-de-furtar-supermercados-em-pouso-alegre-e-outras-cidades-do-sul-de-minas\\\/\"]}]},{\"@type\":\"ImageObject\",\"inLanguage\":\"pt-BR\",\"@id\":\"https:\\\/\\\/www.minasemfoco.com.br\\\/portal\\\/destaque\\\/dupla-e-presa-suspeita-de-furtar-supermercados-em-pouso-alegre-e-outras-cidades-do-sul-de-minas\\\/#primaryimage\",\"url\":\"https:\\\/\\\/www.minasemfoco.com.br\\\/portal\\\/wp-content\\\/uploads\\\/2026\\\/08\\\/furto-supermercados-site.jpg\",\"contentUrl\":\"https:\\\/\\\/www.minasemfoco.com.br\\\/portal\\\/wp-content\\\/uploads\\\/2026\\\/08\\\/furto-supermercados-site.jpg\",\"width\":1000,\"height\":600,\"caption\":\"Imagem: divulga\u00e7\u00e3o\\\/PM\"},{\"@type\":\"BreadcrumbList\",\"@id\":\"https:\\\/\\\/www.minasemfoco.com.br\\\/portal\\\/destaque\\\/dupla-e-presa-suspeita-de-furtar-supermercados-em-pouso-alegre-e-outras-cidades-do-sul-de-minas\\\/#breadcrumb\",\"itemListElement\":[{\"@type\":\"ListItem\",\"position\":1,\"name\":\"In\u00edcio\",\"item\":\"https:\\\/\\\/www.minasemfoco.com.br\\\/portal\\\/\"},{\"@type\":\"ListItem\",\"position\":2,\"name\":\"Dupla \u00e9 presa suspeita de furtar supermercados em Pouso Alegre e outras cidades do Sul de Minas\"}]},{\"@type\":\"WebSite\",\"@id\":\"https:\\\/\\\/www.minasemfoco.com.br\\\/portal\\\/#website\",\"url\":\"https:\\\/\\\/www.minasemfoco.com.br\\\/portal\\\/\",\"name\":\"Minas em Foco\",\"description\":\"\",\"publisher\":{\"@id\":\"https:\\\/\\\/www.minasemfoco.com.br\\\/portal\\\/#organization\"},\"potentialAction\":[{\"@type\":\"SearchAction\",\"target\":{\"@type\":\"EntryPoint\",\"urlTemplate\":\"https:\\\/\\\/www.minasemfoco.com.br\\\/portal\\\/?s={search_term_string}\"},\"query-input\":{\"@type\":\"PropertyValueSpecification\",\"valueRequired\":true,\"valueName\":\"search_term_string\"}}],\"inLanguage\":\"pt-BR\"},{\"@type\":\"Organization\",\"@id\":\"https:\\\/\\\/www.minasemfoco.com.br\\\/portal\\\/#organization\",\"name\":\"Minas em Foco\",\"url\":\"https:\\\/\\\/www.minasemfoco.com.br\\\/portal\\\/\",\"logo\":{\"@type\":\"ImageObject\",\"inLanguage\":\"pt-BR\",\"@id\":\"https:\\\/\\\/www.minasemfoco.com.br\\\/portal\\\/#\\\/schema\\\/logo\\\/image\\\/\",\"url\":\"https:\\\/\\\/www.minasemfoco.com.br\\\/portal\\\/wp-content\\\/uploads\\\/2026\\\/04\\\/logo1.png\",\"contentUrl\":\"https:\\\/\\\/www.minasemfoco.com.br\\\/portal\\\/wp-content\\\/uploads\\\/2026\\\/04\\\/logo1.png\",\"width\":1236,\"height\":461,\"caption\":\"Minas em Foco\"},\"image\":{\"@id\":\"https:\\\/\\\/www.minasemfoco.com.br\\\/portal\\\/#\\\/schema\\\/logo\\\/image\\\/\"}},{\"@type\":\"Person\",\"@id\":\"https:\\\/\\\/www.minasemfoco.com.br\\\/portal\\\/#\\\/schema\\\/person\\\/3f6bd4bdeadbf51a94c3dea2625024e2\",\"name\":\"admin\",\"image\":{\"@type\":\"ImageObject\",\"inLanguage\":\"pt-BR\",\"@id\":\"https:\\\/\\\/www.minasemfoco.com.br\\\/portal\\\/wp-content\\\/litespeed\\\/avatar\\\/54516da205052da20f27d19cd1bde445.jpg?ver=1788194102\",\"url\":\"https:\\\/\\\/www.minasemfoco.com.br\\\/portal\\\/wp-content\\\/litespeed\\\/avatar\\\/54516da205052da20f27d19cd1bde445.jpg?ver=1788194102\",\"contentUrl\":\"https:\\\/\\\/www.minasemfoco.com.br\\\/portal\\\/wp-content\\\/litespeed\\\/avatar\\\/54516da205052da20f27d19cd1bde445.jpg?ver=1788194102\",\"caption\":\"admin\"},\"url\":\"https:\\\/\\\/www.minasemfoco.com.br\\\/portal\\\/author\\\/admin\\\/\"}]}<\/script>\n<!-- \/ Yoast SEO plugin. -->","yoast_head_json":{"title":"Dupla \u00e9 presa suspeita de furtar supermercados em Pouso Alegre e outras cidades do Sul de Minas - Minas em Foco","robots":{"index":"index","follow":"follow","max-snippet":"max-snippet:-1","max-image-preview":"max-image-preview:large","max-video-preview":"max-video-preview:-1"},"canonical":"https:\/\/www.minasemfoco.com.br\/portal\/destaque\/dupla-e-presa-suspeita-de-furtar-supermercados-em-pouso-alegre-e-outras-cidades-do-sul-de-minas\/","og_locale":"pt_BR","og_type":"article","og_title":"Dupla \u00e9 presa suspeita de furtar supermercados em Pouso Alegre e outras cidades do Sul de Minas - Minas em Foco","og_description":"Dois homens, de 26 e 33 anos, foram presos na sexta-feira (28) suspeitos de furtar mercadorias de supermercados em S\u00e3o Gon\u00e7alo do Sapuca\u00ed e outras cidades do Sul de Minas. Segundo a Pol\u00edcia Militar, a dupla \u00e9 de Belo Horizonte. A pris\u00e3o aconteceu ap\u00f3s a PM ser acionada para uma ocorr\u00eancia de furto em um","og_url":"https:\/\/www.minasemfoco.com.br\/portal\/destaque\/dupla-e-presa-suspeita-de-furtar-supermercados-em-pouso-alegre-e-outras-cidades-do-sul-de-minas\/","og_site_name":"Minas em Foco","article_published_time":"2026-08-31T23:41:46+00:00","og_image":[{"width":1000,"height":600,"url":"https:\/\/www.minasemfoco.com.br\/portal\/wp-content\/uploads\/2026\/08\/furto-supermercados-site.jpg","type":"image\/jpeg"}],"author":"admin","twitter_card":"summary_large_image","twitter_misc":{"Escrito por":"admin","Est. tempo de leitura":"2 minutos"},"schema":{"@context":"https:\/\/schema.org","@graph":[{"@type":"Article","@id":"https:\/\/www.minasemfoco.com.br\/portal\/destaque\/dupla-e-presa-suspeita-de-furtar-supermercados-em-pouso-alegre-e-outras-cidades-do-sul-de-minas\/#article","isPartOf":{"@id":"https:\/\/www.minasemfoco.com.br\/portal\/destaque\/dupla-e-presa-suspeita-de-furtar-supermercados-em-pouso-alegre-e-outras-cidades-do-sul-de-minas\/"},"author":{"name":"admin","@id":"https:\/\/www.minasemfoco.com.br\/portal\/#\/schema\/person\/3f6bd4bdeadbf51a94c3dea2625024e2"},"headline":"Dupla \u00e9 presa suspeita de furtar supermercados em Pouso Alegre e outras cidades do Sul de Minas","datePublished":"2026-08-31T23:41:46+00:00","mainEntityOfPage":{"@id":"https:\/\/www.minasemfoco.com.br\/portal\/destaque\/dupla-e-presa-suspeita-de-furtar-supermercados-em-pouso-alegre-e-outras-cidades-do-sul-de-minas\/"},"wordCount":200,"commentCount":0,"publisher":{"@id":"https:\/\/www.minasemfoco.com.br\/portal\/#organization"},"image":{"@id":"https:\/\/www.minasemfoco.com.br\/portal\/destaque\/dupla-e-presa-suspeita-de-furtar-supermercados-em-pouso-alegre-e-outras-cidades-do-sul-de-minas\/#primaryimage"},"thumbnailUrl":"https:\/\/www.minasemfoco.com.br\/portal\/wp-content\/uploads\/2026\/08\/furto-supermercados-site.jpg","articleSection":["Destaque","Sul de Minas"],"inLanguage":"pt-BR","potentialAction":[{"@type":"CommentAction","name":"Comment","target":["https:\/\/www.minasemfoco.com.br\/portal\/destaque\/dupla-e-presa-suspeita-de-furtar-supermercados-em-pouso-alegre-e-outras-cidades-do-sul-de-minas\/#respond"]}]},{"@type":"WebPage","@id":"https:\/\/www.minasemfoco.com.br\/portal\/destaque\/dupla-e-presa-suspeita-de-furtar-supermercados-em-pouso-alegre-e-outras-cidades-do-sul-de-minas\/","url":"https:\/\/www.minasemfoco.com.br\/portal\/destaque\/dupla-e-presa-suspeita-de-furtar-supermercados-em-pouso-alegre-e-outras-cidades-do-sul-de-minas\/","name":"Dupla \u00e9 presa suspeita de furtar supermercados em Pouso Alegre e outras cidades do Sul de Minas - Minas em Foco","isPartOf":{"@id":"https:\/\/www.minasemfoco.com.br\/portal\/#website"},"primaryImageOfPage":{"@id":"https:\/\/www.minasemfoco.com.br\/portal\/destaque\/dupla-e-presa-suspeita-de-furtar-supermercados-em-pouso-alegre-e-outras-cidades-do-sul-de-minas\/#primaryimage"},"image":{"@id":"https:\/\/www.minasemfoco.com.br\/portal\/destaque\/dupla-e-presa-suspeita-de-furtar-supermercados-em-pouso-alegre-e-outras-cidades-do-sul-de-minas\/#primaryimage"},"thumbnailUrl":"https:\/\/www.minasemfoco.com.br\/portal\/wp-content\/uploads\/2026\/08\/furto-supermercados-site.jpg","datePublished":"2026-08-31T23:41:46+00:00","breadcrumb":{"@id":"https:\/\/www.minasemfoco.com.br\/portal\/destaque\/dupla-e-presa-suspeita-de-furtar-supermercados-em-pouso-alegre-e-outras-cidades-do-sul-de-minas\/#breadcrumb"},"inLanguage":"pt-BR","potentialAction":[{"@type":"ReadAction","target":["https:\/\/www.minasemfoco.com.br\/portal\/destaque\/dupla-e-presa-suspeita-de-furtar-supermercados-em-pouso-alegre-e-outras-cidades-do-sul-de-minas\/"]}]},{"@type":"ImageObject","inLanguage":"pt-BR","@id":"https:\/\/www.minasemfoco.com.br\/portal\/destaque\/dupla-e-presa-suspeita-de-furtar-supermercados-em-pouso-alegre-e-outras-cidades-do-sul-de-minas\/#primaryimage","url":"https:\/\/www.minasemfoco.com.br\/portal\/wp-content\/uploads\/2026\/08\/furto-supermercados-site.jpg","contentUrl":"https:\/\/www.minasemfoco.com.br\/portal\/wp-content\/uploads\/2026\/08\/furto-supermercados-site.jpg","width":1000,"height":600,"caption":"Imagem: divulga\u00e7\u00e3o\/PM"},{"@type":"BreadcrumbList","@id":"https:\/\/www.minasemfoco.com.br\/portal\/destaque\/dupla-e-presa-suspeita-de-furtar-supermercados-em-pouso-alegre-e-outras-cidades-do-sul-de-minas\/#breadcrumb","itemListElement":[{"@type":"ListItem","position":1,"name":"In\u00edcio","item":"https:\/\/www.minasemfoco.com.br\/portal\/"},{"@type":"ListItem","position":2,"name":"Dupla \u00e9 presa suspeita de furtar supermercados em Pouso Alegre e outras cidades do Sul de Minas"}]},{"@type":"WebSite","@id":"https:\/\/www.minasemfoco.com.br\/portal\/#website","url":"https:\/\/www.minasemfoco.com.br\/portal\/","name":"Minas em Foco","description":"","publisher":{"@id":"https:\/\/www.minasemfoco.com.br\/portal\/#organization"},"potentialAction":[{"@type":"SearchAction","target":{"@type":"EntryPoint","urlTemplate":"https:\/\/www.minasemfoco.com.br\/portal\/?s={search_term_string}"},"query-input":{"@type":"PropertyValueSpecification","valueRequired":true,"valueName":"search_term_string"}}],"inLanguage":"pt-BR"},{"@type":"Organization","@id":"https:\/\/www.minasemfoco.com.br\/portal\/#organization","name":"Minas em Foco","url":"https:\/\/www.minasemfoco.com.br\/portal\/","logo":{"@type":"ImageObject","inLanguage":"pt-BR","@id":"https:\/\/www.minasemfoco.com.br\/portal\/#\/schema\/logo\/image\/","url":"https:\/\/www.minasemfoco.com.br\/portal\/wp-content\/uploads\/2026\/04\/logo1.png","contentUrl":"https:\/\/www.minasemfoco.com.br\/portal\/wp-content\/uploads\/2026\/04\/logo1.png","width":1236,"height":461,"caption":"Minas em Foco"},"image":{"@id":"https:\/\/www.minasemfoco.com.br\/portal\/#\/schema\/logo\/image\/"}},{"@type":"Person","@id":"https:\/\/www.minasemfoco.com.br\/portal\/#\/schema\/person\/3f6bd4bdeadbf51a94c3dea2625024e2","name":"admin","image":{"@type":"ImageObject","inLanguage":"pt-BR","@id":"https:\/\/www.minasemfoco.com.br\/portal\/wp-content\/litespeed\/avatar\/54516da205052da20f27d19cd1bde445.jpg?ver=1788194102","url":"https:\/\/www.minasemfoco.com.br\/portal\/wp-content\/litespeed\/avatar\/54516da205052da20f27d19cd1bde445.jpg?ver=1788194102","contentUrl":"https:\/\/www.minasemfoco.com.br\/portal\/wp-content\/litespeed\/avatar\/54516da205052da20f27d19cd1bde445.jpg?ver=1788194102","caption":"admin"},"url":"https:\/\/www.minasemfoco.com.br\/portal\/author\/admin\/"}]}},"_links":{"self":[{"href":"https:\/\/www.minasemfoco.com.br\/portal\/wp-json\/wp\/v2\/posts\/43105","targetHints":{"allow":["GET"]}}],"collection":[{"href":"https:\/\/www.minasemfoco.com.br\/portal\/wp-json\/wp\/v2\/posts"}],"about":[{"href":"https:\/\/www.minasemfoco.com.br\/portal\/wp-json\/wp\/v2\/types\/post"}],"author":[{"embeddable":true,"href":"https:\/\/www.minasemfoco.com.br\/portal\/wp-json\/wp\/v2\/users\/3"}],"replies":[{"embeddable":true,"href":"https:\/\/www.minasemfoco.com.br\/portal\/wp-json\/wp\/v2\/comments?post=43105"}],"version-history":[{"count":1,"href":"https:\/\/www.minasemfoco.com.br\/portal\/wp-json\/wp\/v2\/posts\/43105\/revisions"}],"predecessor-version":[{"id":43107,"href":"https:\/\/www.minasemfoco.com.br\/portal\/wp-json\/wp\/v2\/posts\/43105\/revisions\/43107"}],"wp:featuredmedia":[{"embeddable":true,"href":"https:\/\/www.minasemfoco.com.br\/portal\/wp-json\/wp\/v2\/media\/43106"}],"wp:attachment":[{"href":"https:\/\/www.minasemfoco.com.br\/portal\/wp-json\/wp\/v2\/media?parent=43105"}],"wp:term":[{"taxonomy":"category","embeddable":true,"href":"https:\/\/www.minasemfoco.com.br\/portal\/wp-json\/wp\/v2\/categories?post=43105"},{"taxonomy":"post_tag","embeddable":true,"href":"https:\/\/www.minasemfoco.com.br\/portal\/wp-json\/wp\/v2\/tags?post=43105"}],"curies":[{"name":"wp","href":"https:\/\/api.w.org\/{rel}","templated":true}]}}