{"id":43108,"date":"2026-09-02T19:04:34","date_gmt":"2026-09-02T22:04:34","guid":{"rendered":"https:\/\/www.minasemfoco.com.br\/portal\/?p=43108"},"modified":"2026-09-02T19:04:34","modified_gmt":"2026-09-02T22:04:34","slug":"quatro-pessoas-morrem-em-grave-acidente-entre-s10-e-siena-na-mgc-369-no-sul-de-minas","status":"publish","type":"post","link":"https:\/\/www.minasemfoco.com.br\/portal\/geral\/quatro-pessoas-morrem-em-grave-acidente-entre-s10-e-siena-na-mgc-369-no-sul-de-minas\/","title":{"rendered":"Quatro pessoas morrem em grave acidente entre S10 e Siena na MGC-369 no Sul de Minas"},"content":{"rendered":"<p class=\"isSelectedEnd\"><span style=\"font-size: 12pt; font-family: tahoma, arial, helvetica, sans-serif;\">Quatro pessoas morreram em um grave acidente na tarde desta quarta-feira (2), na <strong>MGC-369, na altura do km 139, em Campos Gerais, no Sul de Minas Gerais<\/strong>.<\/span><\/p><div id=\"minas-2307291574\" class=\"minas-conteudo minas-entity-placement\"><div id=\"39170-1\"><script src=\"\/\/ads.themoneytizer.com\/s\/gen.js?type=1\"><\/script><script src=\"\/\/ads.themoneytizer.com\/s\/requestform.js?siteId=39170&formatId=1\" ><\/script><\/div><\/div>\n<p class=\"isSelectedEnd\"><span style=\"font-size: 12pt; font-family: tahoma, arial, helvetica, sans-serif;\">Segundo a <strong>Pol\u00edcia Militar Rodovi\u00e1ria<\/strong>, o acidente aconteceu por volta das 12h50 e envolveu uma <strong>caminhonete GM S10 e um Fiat Siena<\/strong>. Os ve\u00edculos bateram transversalmente.<\/span><\/p>\n<p class=\"isSelectedEnd\"><span style=\"font-size: 12pt; font-family: tahoma, arial, helvetica, sans-serif;\">De acordo com os levantamentos iniciais, a S10 seguia no sentido <strong>Boa Esperan\u00e7a<\/strong> quando o motorista se deparou com o Siena, que estaria rodando pela pista no sentido contr\u00e1rio. Na sequ\u00eancia, os dois ve\u00edculos colidiram.<\/span><\/p>\n<p class=\"isSelectedEnd\"><span style=\"font-size: 12pt; font-family: tahoma, arial, helvetica, sans-serif;\">O motorista da caminhonete foi socorrido e levado ao <strong>Hospital de Campos Gerais<\/strong>, com ferimentos leves.<\/span><\/p>\n<p class=\"isSelectedEnd\"><span style=\"font-size: 12pt; font-family: tahoma, arial, helvetica, sans-serif;\">Os <strong>quatro ocupantes do Fiat Siena morreram no local<\/strong>.<\/span><\/p>\n<p><span style=\"font-size: 12pt; font-family: tahoma, arial, helvetica, sans-serif;\">At\u00e9 a \u00faltima atualiza\u00e7\u00e3o, equipes da per\u00edcia e da funer\u00e1ria ainda eram aguardadas para os trabalhos no local. O tr\u00e2nsito seguia <strong>em meia pista<\/strong>, sob controle da concession\u00e1ria <strong>EPR Vias do Caf\u00e9<\/strong>.<\/span><\/p>\n","protected":false},"excerpt":{"rendered":"<p>Quatro pessoas morreram em um grave acidente na tarde desta quarta-feira (2), na MGC-369, na altura do km 139, em Campos Gerais, no Sul de Minas Gerais. Segundo a Pol\u00edcia Militar Rodovi\u00e1ria, o acidente aconteceu por volta das 12h50 e envolveu uma caminhonete GM S10 e um Fiat Siena. Os ve\u00edculos bateram transversalmente. De acordo<\/p>\n","protected":false},"author":3,"featured_media":43109,"comment_status":"open","ping_status":"open","sticky":false,"template":"","format":"standard","meta":{"_sharing_image":[],"_sharing_image_fieldset":[],"footnotes":""},"categories":[1],"tags":[],"class_list":["post-43108","post","type-post","status-publish","format-standard","has-post-thumbnail","category-geral"],"yoast_head":"<!-- This site is optimized with the Yoast SEO plugin v27.5 - https:\/\/yoast.com\/product\/yoast-seo-wordpress\/ -->\n<title>Quatro pessoas morrem em grave acidente entre S10 e Siena na MGC-369 no Sul de Minas - Minas em Foco<\/title>\n<meta name=\"robots\" content=\"index, follow, max-snippet:-1, max-image-preview:large, max-video-preview:-1\" \/>\n<link rel=\"canonical\" href=\"https:\/\/www.minasemfoco.com.br\/portal\/geral\/quatro-pessoas-morrem-em-grave-acidente-entre-s10-e-siena-na-mgc-369-no-sul-de-minas\/\" \/>\n<meta property=\"og:locale\" content=\"pt_BR\" \/>\n<meta property=\"og:type\" content=\"article\" \/>\n<meta property=\"og:title\" content=\"Quatro pessoas morrem em grave acidente entre S10 e Siena na MGC-369 no Sul de Minas - Minas em Foco\" \/>\n<meta property=\"og:description\" content=\"Quatro pessoas morreram em um grave acidente na tarde desta quarta-feira (2), na MGC-369, na altura do km 139, em Campos Gerais, no Sul de Minas Gerais. Segundo a Pol\u00edcia Militar Rodovi\u00e1ria, o acidente aconteceu por volta das 12h50 e envolveu uma caminhonete GM S10 e um Fiat Siena. Os ve\u00edculos bateram transversalmente. De acordo\" \/>\n<meta property=\"og:url\" content=\"https:\/\/www.minasemfoco.com.br\/portal\/geral\/quatro-pessoas-morrem-em-grave-acidente-entre-s10-e-siena-na-mgc-369-no-sul-de-minas\/\" \/>\n<meta property=\"og:site_name\" content=\"Minas em Foco\" \/>\n<meta property=\"article:published_time\" content=\"2026-09-02T22:04:34+00:00\" \/>\n<meta name=\"author\" content=\"admin\" \/>\n<meta name=\"twitter:card\" content=\"summary_large_image\" \/>\n<meta name=\"twitter:label1\" content=\"Escrito por\" \/>\n\t<meta name=\"twitter:data1\" content=\"admin\" \/>\n\t<meta name=\"twitter:label2\" content=\"Est. tempo de leitura\" \/>\n\t<meta name=\"twitter:data2\" content=\"2 minutos\" \/>\n<script type=\"application\/ld+json\" class=\"yoast-schema-graph\">{\"@context\":\"https:\\\/\\\/schema.org\",\"@graph\":[{\"@type\":\"Article\",\"@id\":\"https:\\\/\\\/www.minasemfoco.com.br\\\/portal\\\/geral\\\/quatro-pessoas-morrem-em-grave-acidente-entre-s10-e-siena-na-mgc-369-no-sul-de-minas\\\/#article\",\"isPartOf\":{\"@id\":\"https:\\\/\\\/www.minasemfoco.com.br\\\/portal\\\/geral\\\/quatro-pessoas-morrem-em-grave-acidente-entre-s10-e-siena-na-mgc-369-no-sul-de-minas\\\/\"},\"author\":{\"name\":\"admin\",\"@id\":\"https:\\\/\\\/www.minasemfoco.com.br\\\/portal\\\/#\\\/schema\\\/person\\\/3f6bd4bdeadbf51a94c3dea2625024e2\"},\"headline\":\"Quatro pessoas morrem em grave acidente entre S10 e Siena na MGC-369 no Sul de Minas\",\"datePublished\":\"2026-09-02T22:04:34+00:00\",\"mainEntityOfPage\":{\"@id\":\"https:\\\/\\\/www.minasemfoco.com.br\\\/portal\\\/geral\\\/quatro-pessoas-morrem-em-grave-acidente-entre-s10-e-siena-na-mgc-369-no-sul-de-minas\\\/\"},\"wordCount\":171,\"commentCount\":0,\"publisher\":{\"@id\":\"https:\\\/\\\/www.minasemfoco.com.br\\\/portal\\\/#organization\"},\"image\":{\"@id\":\"https:\\\/\\\/www.minasemfoco.com.br\\\/portal\\\/geral\\\/quatro-pessoas-morrem-em-grave-acidente-entre-s10-e-siena-na-mgc-369-no-sul-de-minas\\\/#primaryimage\"},\"thumbnailUrl\":\"https:\\\/\\\/www.minasemfoco.com.br\\\/portal\\\/wp-content\\\/uploads\\\/2026\\\/09\\\/whatsapp-image-2026-09-02-at-15.17.29.avif\",\"articleSection\":[\"Geral\"],\"inLanguage\":\"pt-BR\",\"potentialAction\":[{\"@type\":\"CommentAction\",\"name\":\"Comment\",\"target\":[\"https:\\\/\\\/www.minasemfoco.com.br\\\/portal\\\/geral\\\/quatro-pessoas-morrem-em-grave-acidente-entre-s10-e-siena-na-mgc-369-no-sul-de-minas\\\/#respond\"]}]},{\"@type\":\"WebPage\",\"@id\":\"https:\\\/\\\/www.minasemfoco.com.br\\\/portal\\\/geral\\\/quatro-pessoas-morrem-em-grave-acidente-entre-s10-e-siena-na-mgc-369-no-sul-de-minas\\\/\",\"url\":\"https:\\\/\\\/www.minasemfoco.com.br\\\/portal\\\/geral\\\/quatro-pessoas-morrem-em-grave-acidente-entre-s10-e-siena-na-mgc-369-no-sul-de-minas\\\/\",\"name\":\"Quatro pessoas morrem em grave acidente entre S10 e Siena na MGC-369 no Sul de Minas - Minas em Foco\",\"isPartOf\":{\"@id\":\"https:\\\/\\\/www.minasemfoco.com.br\\\/portal\\\/#website\"},\"primaryImageOfPage\":{\"@id\":\"https:\\\/\\\/www.minasemfoco.com.br\\\/portal\\\/geral\\\/quatro-pessoas-morrem-em-grave-acidente-entre-s10-e-siena-na-mgc-369-no-sul-de-minas\\\/#primaryimage\"},\"image\":{\"@id\":\"https:\\\/\\\/www.minasemfoco.com.br\\\/portal\\\/geral\\\/quatro-pessoas-morrem-em-grave-acidente-entre-s10-e-siena-na-mgc-369-no-sul-de-minas\\\/#primaryimage\"},\"thumbnailUrl\":\"https:\\\/\\\/www.minasemfoco.com.br\\\/portal\\\/wp-content\\\/uploads\\\/2026\\\/09\\\/whatsapp-image-2026-09-02-at-15.17.29.avif\",\"datePublished\":\"2026-09-02T22:04:34+00:00\",\"breadcrumb\":{\"@id\":\"https:\\\/\\\/www.minasemfoco.com.br\\\/portal\\\/geral\\\/quatro-pessoas-morrem-em-grave-acidente-entre-s10-e-siena-na-mgc-369-no-sul-de-minas\\\/#breadcrumb\"},\"inLanguage\":\"pt-BR\",\"potentialAction\":[{\"@type\":\"ReadAction\",\"target\":[\"https:\\\/\\\/www.minasemfoco.com.br\\\/portal\\\/geral\\\/quatro-pessoas-morrem-em-grave-acidente-entre-s10-e-siena-na-mgc-369-no-sul-de-minas\\\/\"]}]},{\"@type\":\"ImageObject\",\"inLanguage\":\"pt-BR\",\"@id\":\"https:\\\/\\\/www.minasemfoco.com.br\\\/portal\\\/geral\\\/quatro-pessoas-morrem-em-grave-acidente-entre-s10-e-siena-na-mgc-369-no-sul-de-minas\\\/#primaryimage\",\"url\":\"https:\\\/\\\/www.minasemfoco.com.br\\\/portal\\\/wp-content\\\/uploads\\\/2026\\\/09\\\/whatsapp-image-2026-09-02-at-15.17.29.avif\",\"contentUrl\":\"https:\\\/\\\/www.minasemfoco.com.br\\\/portal\\\/wp-content\\\/uploads\\\/2026\\\/09\\\/whatsapp-image-2026-09-02-at-15.17.29.avif\",\"width\":984,\"height\":616,\"caption\":\"Quatro pessoas morrem em acidente entre carro e caminhonete na MGC-369, em Campos Gerais, MG \u2014 Foto: Pol\u00edcia Militar Rodovi\u00e1ria\"},{\"@type\":\"BreadcrumbList\",\"@id\":\"https:\\\/\\\/www.minasemfoco.com.br\\\/portal\\\/geral\\\/quatro-pessoas-morrem-em-grave-acidente-entre-s10-e-siena-na-mgc-369-no-sul-de-minas\\\/#breadcrumb\",\"itemListElement\":[{\"@type\":\"ListItem\",\"position\":1,\"name\":\"In\u00edcio\",\"item\":\"https:\\\/\\\/www.minasemfoco.com.br\\\/portal\\\/\"},{\"@type\":\"ListItem\",\"position\":2,\"name\":\"Quatro pessoas morrem em grave acidente entre S10 e Siena na MGC-369 no Sul de Minas\"}]},{\"@type\":\"WebSite\",\"@id\":\"https:\\\/\\\/www.minasemfoco.com.br\\\/portal\\\/#website\",\"url\":\"https:\\\/\\\/www.minasemfoco.com.br\\\/portal\\\/\",\"name\":\"Minas em Foco\",\"description\":\"\",\"publisher\":{\"@id\":\"https:\\\/\\\/www.minasemfoco.com.br\\\/portal\\\/#organization\"},\"potentialAction\":[{\"@type\":\"SearchAction\",\"target\":{\"@type\":\"EntryPoint\",\"urlTemplate\":\"https:\\\/\\\/www.minasemfoco.com.br\\\/portal\\\/?s={search_term_string}\"},\"query-input\":{\"@type\":\"PropertyValueSpecification\",\"valueRequired\":true,\"valueName\":\"search_term_string\"}}],\"inLanguage\":\"pt-BR\"},{\"@type\":\"Organization\",\"@id\":\"https:\\\/\\\/www.minasemfoco.com.br\\\/portal\\\/#organization\",\"name\":\"Minas em Foco\",\"url\":\"https:\\\/\\\/www.minasemfoco.com.br\\\/portal\\\/\",\"logo\":{\"@type\":\"ImageObject\",\"inLanguage\":\"pt-BR\",\"@id\":\"https:\\\/\\\/www.minasemfoco.com.br\\\/portal\\\/#\\\/schema\\\/logo\\\/image\\\/\",\"url\":\"https:\\\/\\\/www.minasemfoco.com.br\\\/portal\\\/wp-content\\\/uploads\\\/2026\\\/04\\\/logo1.png\",\"contentUrl\":\"https:\\\/\\\/www.minasemfoco.com.br\\\/portal\\\/wp-content\\\/uploads\\\/2026\\\/04\\\/logo1.png\",\"width\":1236,\"height\":461,\"caption\":\"Minas em Foco\"},\"image\":{\"@id\":\"https:\\\/\\\/www.minasemfoco.com.br\\\/portal\\\/#\\\/schema\\\/logo\\\/image\\\/\"}},{\"@type\":\"Person\",\"@id\":\"https:\\\/\\\/www.minasemfoco.com.br\\\/portal\\\/#\\\/schema\\\/person\\\/3f6bd4bdeadbf51a94c3dea2625024e2\",\"name\":\"admin\",\"image\":{\"@type\":\"ImageObject\",\"inLanguage\":\"pt-BR\",\"@id\":\"https:\\\/\\\/www.minasemfoco.com.br\\\/portal\\\/wp-content\\\/litespeed\\\/avatar\\\/54516da205052da20f27d19cd1bde445.jpg?ver=1788194102\",\"url\":\"https:\\\/\\\/www.minasemfoco.com.br\\\/portal\\\/wp-content\\\/litespeed\\\/avatar\\\/54516da205052da20f27d19cd1bde445.jpg?ver=1788194102\",\"contentUrl\":\"https:\\\/\\\/www.minasemfoco.com.br\\\/portal\\\/wp-content\\\/litespeed\\\/avatar\\\/54516da205052da20f27d19cd1bde445.jpg?ver=1788194102\",\"caption\":\"admin\"},\"url\":\"https:\\\/\\\/www.minasemfoco.com.br\\\/portal\\\/author\\\/admin\\\/\"}]}<\/script>\n<!-- \/ Yoast SEO plugin. -->","yoast_head_json":{"title":"Quatro pessoas morrem em grave acidente entre S10 e Siena na MGC-369 no Sul de Minas - Minas em Foco","robots":{"index":"index","follow":"follow","max-snippet":"max-snippet:-1","max-image-preview":"max-image-preview:large","max-video-preview":"max-video-preview:-1"},"canonical":"https:\/\/www.minasemfoco.com.br\/portal\/geral\/quatro-pessoas-morrem-em-grave-acidente-entre-s10-e-siena-na-mgc-369-no-sul-de-minas\/","og_locale":"pt_BR","og_type":"article","og_title":"Quatro pessoas morrem em grave acidente entre S10 e Siena na MGC-369 no Sul de Minas - Minas em Foco","og_description":"Quatro pessoas morreram em um grave acidente na tarde desta quarta-feira (2), na MGC-369, na altura do km 139, em Campos Gerais, no Sul de Minas Gerais. Segundo a Pol\u00edcia Militar Rodovi\u00e1ria, o acidente aconteceu por volta das 12h50 e envolveu uma caminhonete GM S10 e um Fiat Siena. Os ve\u00edculos bateram transversalmente. De acordo","og_url":"https:\/\/www.minasemfoco.com.br\/portal\/geral\/quatro-pessoas-morrem-em-grave-acidente-entre-s10-e-siena-na-mgc-369-no-sul-de-minas\/","og_site_name":"Minas em Foco","article_published_time":"2026-09-02T22:04:34+00:00","author":"admin","twitter_card":"summary_large_image","twitter_misc":{"Escrito por":"admin","Est. tempo de leitura":"2 minutos"},"schema":{"@context":"https:\/\/schema.org","@graph":[{"@type":"Article","@id":"https:\/\/www.minasemfoco.com.br\/portal\/geral\/quatro-pessoas-morrem-em-grave-acidente-entre-s10-e-siena-na-mgc-369-no-sul-de-minas\/#article","isPartOf":{"@id":"https:\/\/www.minasemfoco.com.br\/portal\/geral\/quatro-pessoas-morrem-em-grave-acidente-entre-s10-e-siena-na-mgc-369-no-sul-de-minas\/"},"author":{"name":"admin","@id":"https:\/\/www.minasemfoco.com.br\/portal\/#\/schema\/person\/3f6bd4bdeadbf51a94c3dea2625024e2"},"headline":"Quatro pessoas morrem em grave acidente entre S10 e Siena na MGC-369 no Sul de Minas","datePublished":"2026-09-02T22:04:34+00:00","mainEntityOfPage":{"@id":"https:\/\/www.minasemfoco.com.br\/portal\/geral\/quatro-pessoas-morrem-em-grave-acidente-entre-s10-e-siena-na-mgc-369-no-sul-de-minas\/"},"wordCount":171,"commentCount":0,"publisher":{"@id":"https:\/\/www.minasemfoco.com.br\/portal\/#organization"},"image":{"@id":"https:\/\/www.minasemfoco.com.br\/portal\/geral\/quatro-pessoas-morrem-em-grave-acidente-entre-s10-e-siena-na-mgc-369-no-sul-de-minas\/#primaryimage"},"thumbnailUrl":"https:\/\/www.minasemfoco.com.br\/portal\/wp-content\/uploads\/2026\/09\/whatsapp-image-2026-09-02-at-15.17.29.avif","articleSection":["Geral"],"inLanguage":"pt-BR","potentialAction":[{"@type":"CommentAction","name":"Comment","target":["https:\/\/www.minasemfoco.com.br\/portal\/geral\/quatro-pessoas-morrem-em-grave-acidente-entre-s10-e-siena-na-mgc-369-no-sul-de-minas\/#respond"]}]},{"@type":"WebPage","@id":"https:\/\/www.minasemfoco.com.br\/portal\/geral\/quatro-pessoas-morrem-em-grave-acidente-entre-s10-e-siena-na-mgc-369-no-sul-de-minas\/","url":"https:\/\/www.minasemfoco.com.br\/portal\/geral\/quatro-pessoas-morrem-em-grave-acidente-entre-s10-e-siena-na-mgc-369-no-sul-de-minas\/","name":"Quatro pessoas morrem em grave acidente entre S10 e Siena na MGC-369 no Sul de Minas - Minas em Foco","isPartOf":{"@id":"https:\/\/www.minasemfoco.com.br\/portal\/#website"},"primaryImageOfPage":{"@id":"https:\/\/www.minasemfoco.com.br\/portal\/geral\/quatro-pessoas-morrem-em-grave-acidente-entre-s10-e-siena-na-mgc-369-no-sul-de-minas\/#primaryimage"},"image":{"@id":"https:\/\/www.minasemfoco.com.br\/portal\/geral\/quatro-pessoas-morrem-em-grave-acidente-entre-s10-e-siena-na-mgc-369-no-sul-de-minas\/#primaryimage"},"thumbnailUrl":"https:\/\/www.minasemfoco.com.br\/portal\/wp-content\/uploads\/2026\/09\/whatsapp-image-2026-09-02-at-15.17.29.avif","datePublished":"2026-09-02T22:04:34+00:00","breadcrumb":{"@id":"https:\/\/www.minasemfoco.com.br\/portal\/geral\/quatro-pessoas-morrem-em-grave-acidente-entre-s10-e-siena-na-mgc-369-no-sul-de-minas\/#breadcrumb"},"inLanguage":"pt-BR","potentialAction":[{"@type":"ReadAction","target":["https:\/\/www.minasemfoco.com.br\/portal\/geral\/quatro-pessoas-morrem-em-grave-acidente-entre-s10-e-siena-na-mgc-369-no-sul-de-minas\/"]}]},{"@type":"ImageObject","inLanguage":"pt-BR","@id":"https:\/\/www.minasemfoco.com.br\/portal\/geral\/quatro-pessoas-morrem-em-grave-acidente-entre-s10-e-siena-na-mgc-369-no-sul-de-minas\/#primaryimage","url":"https:\/\/www.minasemfoco.com.br\/portal\/wp-content\/uploads\/2026\/09\/whatsapp-image-2026-09-02-at-15.17.29.avif","contentUrl":"https:\/\/www.minasemfoco.com.br\/portal\/wp-content\/uploads\/2026\/09\/whatsapp-image-2026-09-02-at-15.17.29.avif","width":984,"height":616,"caption":"Quatro pessoas morrem em acidente entre carro e caminhonete na MGC-369, em Campos Gerais, MG \u2014 Foto: Pol\u00edcia Militar Rodovi\u00e1ria"},{"@type":"BreadcrumbList","@id":"https:\/\/www.minasemfoco.com.br\/portal\/geral\/quatro-pessoas-morrem-em-grave-acidente-entre-s10-e-siena-na-mgc-369-no-sul-de-minas\/#breadcrumb","itemListElement":[{"@type":"ListItem","position":1,"name":"In\u00edcio","item":"https:\/\/www.minasemfoco.com.br\/portal\/"},{"@type":"ListItem","position":2,"name":"Quatro pessoas morrem em grave acidente entre S10 e Siena na MGC-369 no Sul de Minas"}]},{"@type":"WebSite","@id":"https:\/\/www.minasemfoco.com.br\/portal\/#website","url":"https:\/\/www.minasemfoco.com.br\/portal\/","name":"Minas em Foco","description":"","publisher":{"@id":"https:\/\/www.minasemfoco.com.br\/portal\/#organization"},"potentialAction":[{"@type":"SearchAction","target":{"@type":"EntryPoint","urlTemplate":"https:\/\/www.minasemfoco.com.br\/portal\/?s={search_term_string}"},"query-input":{"@type":"PropertyValueSpecification","valueRequired":true,"valueName":"search_term_string"}}],"inLanguage":"pt-BR"},{"@type":"Organization","@id":"https:\/\/www.minasemfoco.com.br\/portal\/#organization","name":"Minas em Foco","url":"https:\/\/www.minasemfoco.com.br\/portal\/","logo":{"@type":"ImageObject","inLanguage":"pt-BR","@id":"https:\/\/www.minasemfoco.com.br\/portal\/#\/schema\/logo\/image\/","url":"https:\/\/www.minasemfoco.com.br\/portal\/wp-content\/uploads\/2026\/04\/logo1.png","contentUrl":"https:\/\/www.minasemfoco.com.br\/portal\/wp-content\/uploads\/2026\/04\/logo1.png","width":1236,"height":461,"caption":"Minas em Foco"},"image":{"@id":"https:\/\/www.minasemfoco.com.br\/portal\/#\/schema\/logo\/image\/"}},{"@type":"Person","@id":"https:\/\/www.minasemfoco.com.br\/portal\/#\/schema\/person\/3f6bd4bdeadbf51a94c3dea2625024e2","name":"admin","image":{"@type":"ImageObject","inLanguage":"pt-BR","@id":"https:\/\/www.minasemfoco.com.br\/portal\/wp-content\/litespeed\/avatar\/54516da205052da20f27d19cd1bde445.jpg?ver=1788194102","url":"https:\/\/www.minasemfoco.com.br\/portal\/wp-content\/litespeed\/avatar\/54516da205052da20f27d19cd1bde445.jpg?ver=1788194102","contentUrl":"https:\/\/www.minasemfoco.com.br\/portal\/wp-content\/litespeed\/avatar\/54516da205052da20f27d19cd1bde445.jpg?ver=1788194102","caption":"admin"},"url":"https:\/\/www.minasemfoco.com.br\/portal\/author\/admin\/"}]}},"_links":{"self":[{"href":"https:\/\/www.minasemfoco.com.br\/portal\/wp-json\/wp\/v2\/posts\/43108","targetHints":{"allow":["GET"]}}],"collection":[{"href":"https:\/\/www.minasemfoco.com.br\/portal\/wp-json\/wp\/v2\/posts"}],"about":[{"href":"https:\/\/www.minasemfoco.com.br\/portal\/wp-json\/wp\/v2\/types\/post"}],"author":[{"embeddable":true,"href":"https:\/\/www.minasemfoco.com.br\/portal\/wp-json\/wp\/v2\/users\/3"}],"replies":[{"embeddable":true,"href":"https:\/\/www.minasemfoco.com.br\/portal\/wp-json\/wp\/v2\/comments?post=43108"}],"version-history":[{"count":1,"href":"https:\/\/www.minasemfoco.com.br\/portal\/wp-json\/wp\/v2\/posts\/43108\/revisions"}],"predecessor-version":[{"id":43110,"href":"https:\/\/www.minasemfoco.com.br\/portal\/wp-json\/wp\/v2\/posts\/43108\/revisions\/43110"}],"wp:featuredmedia":[{"embeddable":true,"href":"https:\/\/www.minasemfoco.com.br\/portal\/wp-json\/wp\/v2\/media\/43109"}],"wp:attachment":[{"href":"https:\/\/www.minasemfoco.com.br\/portal\/wp-json\/wp\/v2\/media?parent=43108"}],"wp:term":[{"taxonomy":"category","embeddable":true,"href":"https:\/\/www.minasemfoco.com.br\/portal\/wp-json\/wp\/v2\/categories?post=43108"},{"taxonomy":"post_tag","embeddable":true,"href":"https:\/\/www.minasemfoco.com.br\/portal\/wp-json\/wp\/v2\/tags?post=43108"}],"curies":[{"name":"wp","href":"https:\/\/api.w.org\/{rel}","templated":true}]}}