{"id":43111,"date":"2026-09-02T19:12:11","date_gmt":"2026-09-02T22:12:11","guid":{"rendered":"https:\/\/www.minasemfoco.com.br\/portal\/?p=43111"},"modified":"2026-09-02T19:12:11","modified_gmt":"2026-09-02T22:12:11","slug":"vacimovel-percorre-bairros-de-pouso-alegre-em-setembro-confira-o-cronograma","status":"publish","type":"post","link":"https:\/\/www.minasemfoco.com.br\/portal\/sul-de-minas\/vacimovel-percorre-bairros-de-pouso-alegre-em-setembro-confira-o-cronograma\/","title":{"rendered":"Vacim\u00f3vel percorre bairros de Pouso Alegre em setembro; confira o cronograma"},"content":{"rendered":"<p class=\"isSelectedEnd\"><span style=\"font-family: tahoma, arial, helvetica, sans-serif; font-size: 12pt;\">A Prefeitura de <strong>Pouso Alegre<\/strong>, por meio da Secretaria Municipal de Sa\u00fade, divulgou o cronograma do <strong>Vacim\u00f3vel para setembro<\/strong>. A unidade m\u00f3vel vai percorrer diferentes regi\u00f5es da cidade ao longo do m\u00eas para facilitar o acesso da popula\u00e7\u00e3o \u00e0 vacina\u00e7\u00e3o e ajudar na atualiza\u00e7\u00e3o da caderneta.<\/span><\/p><div id=\"minas-1434792876\" class=\"minas-conteudo minas-entity-placement\"><div id=\"39170-1\"><script src=\"\/\/ads.themoneytizer.com\/s\/gen.js?type=1\"><\/script><script src=\"\/\/ads.themoneytizer.com\/s\/requestform.js?siteId=39170&formatId=1\" ><\/script><\/div><\/div>\n<p class=\"isSelectedEnd\"><span style=\"font-family: tahoma, arial, helvetica, sans-serif; font-size: 12pt;\">Entre os locais previstos est\u00e3o os bairros <strong>Afonsos, Massaranduba, Morumbi, Canta-Galo, Cristal, Ferreiras, Fazendinha, Polvilho e Anhumas<\/strong>. Tamb\u00e9m est\u00e3o programadas a\u00e7\u00f5es em empresas e participa\u00e7\u00e3o no <strong>Sa\u00fade na Feira<\/strong>.<\/span><\/p>\n<p class=\"isSelectedEnd\"><span style=\"font-family: tahoma, arial, helvetica, sans-serif; font-size: 12pt;\">A proposta \u00e9 levar a vacina\u00e7\u00e3o para mais perto dos moradores, especialmente daqueles que vivem em regi\u00f5es mais distantes das unidades de sa\u00fade.<\/span><\/p>\n<h3><span style=\"font-family: tahoma, arial, helvetica, sans-serif; font-size: 12pt;\">Cronograma<\/span><\/h3>\n<ul data-spread=\"false\">\n<li><span style=\"font-family: tahoma, arial, helvetica, sans-serif; font-size: 12pt;\"><strong>1\u00ba de setembro<\/strong> \u2013 Massaranduba | 12h \u00e0s 15h30<\/span><\/li>\n<li><span style=\"font-family: tahoma, arial, helvetica, sans-serif; font-size: 12pt;\"><strong>2 de setembro<\/strong> \u2013 Morumbi | 9h \u00e0s 15h30<\/span><\/li>\n<li><span style=\"font-family: tahoma, arial, helvetica, sans-serif; font-size: 12pt;\"><strong>3 de setembro<\/strong> \u2013 Leales<\/span><\/li>\n<li><span style=\"font-family: tahoma, arial, helvetica, sans-serif; font-size: 12pt;\"><strong>4 de setembro<\/strong> \u2013 CIMED<\/span><\/li>\n<li><span style=\"font-family: tahoma, arial, helvetica, sans-serif; font-size: 12pt;\"><strong>8 de setembro<\/strong> \u2013 Canta-Galo (Bar do Julio) | 9h \u00e0s 12h<\/span><\/li>\n<li><span style=\"font-family: tahoma, arial, helvetica, sans-serif; font-size: 12pt;\"><strong>9 de setembro<\/strong> \u2013 Morumbi | 9h \u00e0s 15h30<\/span><\/li>\n<li><span style=\"font-family: tahoma, arial, helvetica, sans-serif; font-size: 12pt;\"><strong>10 de setembro<\/strong> \u2013 Cristal | 9h \u00e0s 12h<\/span><\/li>\n<li><span style=\"font-family: tahoma, arial, helvetica, sans-serif; font-size: 12pt;\"><strong>11 de setembro<\/strong> \u2013 Unilever | 9h \u00e0s 16h<\/span><\/li>\n<li><span style=\"font-family: tahoma, arial, helvetica, sans-serif; font-size: 12pt;\"><strong>14 de setembro<\/strong> \u2013 Afonsos | 9h \u00e0s 12h<\/span><\/li>\n<li><span style=\"font-family: tahoma, arial, helvetica, sans-serif; font-size: 12pt;\"><strong>15 de setembro<\/strong> \u2013 Massaranduba | 9h \u00e0s 12h<\/span><\/li>\n<li><span style=\"font-family: tahoma, arial, helvetica, sans-serif; font-size: 12pt;\"><strong>16 de setembro<\/strong> \u2013 Ferreiras | 9h \u00e0s 12h<\/span><\/li>\n<li><span style=\"font-family: tahoma, arial, helvetica, sans-serif; font-size: 12pt;\"><strong>17 de setembro<\/strong> \u2013 Ceva Log\u00edstica | 13h30 \u00e0s 16h<\/span><\/li>\n<li><span style=\"font-family: tahoma, arial, helvetica, sans-serif; font-size: 12pt;\"><strong>18 de setembro<\/strong> \u2013 Fazendinha | 9h \u00e0s 12h<\/span><\/li>\n<li><span style=\"font-family: tahoma, arial, helvetica, sans-serif; font-size: 12pt;\"><strong>21 de setembro<\/strong> \u2013 Polvilho | 9h \u00e0s 12h<\/span><\/li>\n<li><span style=\"font-family: tahoma, arial, helvetica, sans-serif; font-size: 12pt;\"><strong>22 de setembro<\/strong> \u2013 Canta-Galo (Bar do Julio) | 9h \u00e0s 12h<\/span><\/li>\n<li><span style=\"font-family: tahoma, arial, helvetica, sans-serif; font-size: 12pt;\"><strong>23 de setembro<\/strong> \u2013 Morumbi | 9h \u00e0s 15h30<\/span><\/li>\n<li><span style=\"font-family: tahoma, arial, helvetica, sans-serif; font-size: 12pt;\"><strong>24 de setembro<\/strong> \u2013 Anhumas | 9h \u00e0s 12h<\/span><\/li>\n<li><span style=\"font-family: tahoma, arial, helvetica, sans-serif; font-size: 12pt;\"><strong>25 de setembro<\/strong> \u2013 CIMED<\/span><\/li>\n<li><span style=\"font-family: tahoma, arial, helvetica, sans-serif; font-size: 12pt;\"><strong>27 de setembro<\/strong> \u2013 Sa\u00fade na Feira | 8h \u00e0s 12h<\/span><\/li>\n<li><span style=\"font-family: tahoma, arial, helvetica, sans-serif; font-size: 12pt;\"><strong>28 de setembro<\/strong> \u2013 Afonsos | 9h \u00e0s 12h<\/span><\/li>\n<li><span style=\"font-family: tahoma, arial, helvetica, sans-serif; font-size: 12pt;\"><strong>29 de setembro<\/strong> \u2013 Massaranduba | 9h \u00e0s 12h<\/span><\/li>\n<li><span style=\"font-family: tahoma, arial, helvetica, sans-serif; font-size: 12pt;\"><strong>30 de setembro<\/strong> \u2013 Morumbi | 9h \u00e0s 15h30<\/span><\/li>\n<\/ul>\n<h3><span style=\"font-family: tahoma, arial, helvetica, sans-serif; font-size: 12pt;\">O que levar<\/span><\/h3>\n<p class=\"isSelectedEnd\"><span style=\"font-family: tahoma, arial, helvetica, sans-serif; font-size: 12pt;\">Para receber a vacina\u00e7\u00e3o, \u00e9 necess\u00e1rio apresentar:<\/span><\/p>\n<ul data-spread=\"false\">\n<li><span style=\"font-family: tahoma, arial, helvetica, sans-serif; font-size: 12pt;\"><strong>Documento com foto;<\/strong><\/span><\/li>\n<li><span style=\"font-family: tahoma, arial, helvetica, sans-serif; font-size: 12pt;\"><strong>CPF ou Cart\u00e3o SUS;<\/strong><\/span><\/li>\n<li><span style=\"font-family: tahoma, arial, helvetica, sans-serif; font-size: 12pt;\"><strong>Caderneta de vacina\u00e7\u00e3o.<\/strong><\/span><\/li>\n<\/ul>\n<p><span style=\"font-family: tahoma, arial, helvetica, sans-serif; font-size: 12pt;\">A equipe do Vacim\u00f3vel verifica o hist\u00f3rico de vacina\u00e7\u00e3o e orienta sobre as doses que precisam ser atualizadas.<\/span><\/p>\n","protected":false},"excerpt":{"rendered":"<p>A Prefeitura de Pouso Alegre, por meio da Secretaria Municipal de Sa\u00fade, divulgou o cronograma do Vacim\u00f3vel para setembro. A unidade m\u00f3vel vai percorrer diferentes regi\u00f5es da cidade ao longo do m\u00eas para facilitar o acesso da popula\u00e7\u00e3o \u00e0 vacina\u00e7\u00e3o e ajudar na atualiza\u00e7\u00e3o da caderneta. Entre os locais previstos est\u00e3o os bairros Afonsos, Massaranduba,<\/p>\n","protected":false},"author":3,"featured_media":43112,"comment_status":"open","ping_status":"open","sticky":false,"template":"","format":"standard","meta":{"_sharing_image":[],"_sharing_image_fieldset":[],"footnotes":""},"categories":[532],"tags":[],"class_list":["post-43111","post","type-post","status-publish","format-standard","has-post-thumbnail","category-sul-de-minas"],"yoast_head":"<!-- This site is optimized with the Yoast SEO plugin v27.5 - https:\/\/yoast.com\/product\/yoast-seo-wordpress\/ -->\n<title>Vacim\u00f3vel percorre bairros de Pouso Alegre em setembro; confira o cronograma - Minas em Foco<\/title>\n<meta name=\"robots\" content=\"index, follow, max-snippet:-1, max-image-preview:large, max-video-preview:-1\" \/>\n<link rel=\"canonical\" href=\"https:\/\/www.minasemfoco.com.br\/portal\/sul-de-minas\/vacimovel-percorre-bairros-de-pouso-alegre-em-setembro-confira-o-cronograma\/\" \/>\n<meta property=\"og:locale\" content=\"pt_BR\" \/>\n<meta property=\"og:type\" content=\"article\" \/>\n<meta property=\"og:title\" content=\"Vacim\u00f3vel percorre bairros de Pouso Alegre em setembro; confira o cronograma - Minas em Foco\" \/>\n<meta property=\"og:description\" content=\"A Prefeitura de Pouso Alegre, por meio da Secretaria Municipal de Sa\u00fade, divulgou o cronograma do Vacim\u00f3vel para setembro. A unidade m\u00f3vel vai percorrer diferentes regi\u00f5es da cidade ao longo do m\u00eas para facilitar o acesso da popula\u00e7\u00e3o \u00e0 vacina\u00e7\u00e3o e ajudar na atualiza\u00e7\u00e3o da caderneta. Entre os locais previstos est\u00e3o os bairros Afonsos, Massaranduba,\" \/>\n<meta property=\"og:url\" content=\"https:\/\/www.minasemfoco.com.br\/portal\/sul-de-minas\/vacimovel-percorre-bairros-de-pouso-alegre-em-setembro-confira-o-cronograma\/\" \/>\n<meta property=\"og:site_name\" content=\"Minas em Foco\" \/>\n<meta property=\"article:published_time\" content=\"2026-09-02T22:12:11+00:00\" \/>\n<meta property=\"og:image\" content=\"https:\/\/www.minasemfoco.com.br\/portal\/wp-content\/uploads\/2026\/09\/eb5f0c908b848915ed809bd8f06ce98d.jpg\" \/>\n\t<meta property=\"og:image:width\" content=\"2560\" \/>\n\t<meta property=\"og:image:height\" content=\"1706\" \/>\n\t<meta property=\"og:image:type\" content=\"image\/jpeg\" \/>\n<meta name=\"author\" content=\"admin\" \/>\n<meta name=\"twitter:card\" content=\"summary_large_image\" \/>\n<meta name=\"twitter:label1\" content=\"Escrito por\" \/>\n\t<meta name=\"twitter:data1\" content=\"admin\" \/>\n\t<meta name=\"twitter:label2\" content=\"Est. tempo de leitura\" \/>\n\t<meta name=\"twitter:data2\" content=\"2 minutos\" \/>\n<script type=\"application\/ld+json\" class=\"yoast-schema-graph\">{\"@context\":\"https:\\\/\\\/schema.org\",\"@graph\":[{\"@type\":\"Article\",\"@id\":\"https:\\\/\\\/www.minasemfoco.com.br\\\/portal\\\/sul-de-minas\\\/vacimovel-percorre-bairros-de-pouso-alegre-em-setembro-confira-o-cronograma\\\/#article\",\"isPartOf\":{\"@id\":\"https:\\\/\\\/www.minasemfoco.com.br\\\/portal\\\/sul-de-minas\\\/vacimovel-percorre-bairros-de-pouso-alegre-em-setembro-confira-o-cronograma\\\/\"},\"author\":{\"name\":\"admin\",\"@id\":\"https:\\\/\\\/www.minasemfoco.com.br\\\/portal\\\/#\\\/schema\\\/person\\\/3f6bd4bdeadbf51a94c3dea2625024e2\"},\"headline\":\"Vacim\u00f3vel percorre bairros de Pouso Alegre em setembro; confira o cronograma\",\"datePublished\":\"2026-09-02T22:12:11+00:00\",\"mainEntityOfPage\":{\"@id\":\"https:\\\/\\\/www.minasemfoco.com.br\\\/portal\\\/sul-de-minas\\\/vacimovel-percorre-bairros-de-pouso-alegre-em-setembro-confira-o-cronograma\\\/\"},\"wordCount\":304,\"commentCount\":0,\"publisher\":{\"@id\":\"https:\\\/\\\/www.minasemfoco.com.br\\\/portal\\\/#organization\"},\"image\":{\"@id\":\"https:\\\/\\\/www.minasemfoco.com.br\\\/portal\\\/sul-de-minas\\\/vacimovel-percorre-bairros-de-pouso-alegre-em-setembro-confira-o-cronograma\\\/#primaryimage\"},\"thumbnailUrl\":\"https:\\\/\\\/www.minasemfoco.com.br\\\/portal\\\/wp-content\\\/uploads\\\/2026\\\/09\\\/eb5f0c908b848915ed809bd8f06ce98d.jpg\",\"articleSection\":[\"Sul de Minas\"],\"inLanguage\":\"pt-BR\",\"potentialAction\":[{\"@type\":\"CommentAction\",\"name\":\"Comment\",\"target\":[\"https:\\\/\\\/www.minasemfoco.com.br\\\/portal\\\/sul-de-minas\\\/vacimovel-percorre-bairros-de-pouso-alegre-em-setembro-confira-o-cronograma\\\/#respond\"]}]},{\"@type\":\"WebPage\",\"@id\":\"https:\\\/\\\/www.minasemfoco.com.br\\\/portal\\\/sul-de-minas\\\/vacimovel-percorre-bairros-de-pouso-alegre-em-setembro-confira-o-cronograma\\\/\",\"url\":\"https:\\\/\\\/www.minasemfoco.com.br\\\/portal\\\/sul-de-minas\\\/vacimovel-percorre-bairros-de-pouso-alegre-em-setembro-confira-o-cronograma\\\/\",\"name\":\"Vacim\u00f3vel percorre bairros de Pouso Alegre em setembro; confira o cronograma - Minas em Foco\",\"isPartOf\":{\"@id\":\"https:\\\/\\\/www.minasemfoco.com.br\\\/portal\\\/#website\"},\"primaryImageOfPage\":{\"@id\":\"https:\\\/\\\/www.minasemfoco.com.br\\\/portal\\\/sul-de-minas\\\/vacimovel-percorre-bairros-de-pouso-alegre-em-setembro-confira-o-cronograma\\\/#primaryimage\"},\"image\":{\"@id\":\"https:\\\/\\\/www.minasemfoco.com.br\\\/portal\\\/sul-de-minas\\\/vacimovel-percorre-bairros-de-pouso-alegre-em-setembro-confira-o-cronograma\\\/#primaryimage\"},\"thumbnailUrl\":\"https:\\\/\\\/www.minasemfoco.com.br\\\/portal\\\/wp-content\\\/uploads\\\/2026\\\/09\\\/eb5f0c908b848915ed809bd8f06ce98d.jpg\",\"datePublished\":\"2026-09-02T22:12:11+00:00\",\"breadcrumb\":{\"@id\":\"https:\\\/\\\/www.minasemfoco.com.br\\\/portal\\\/sul-de-minas\\\/vacimovel-percorre-bairros-de-pouso-alegre-em-setembro-confira-o-cronograma\\\/#breadcrumb\"},\"inLanguage\":\"pt-BR\",\"potentialAction\":[{\"@type\":\"ReadAction\",\"target\":[\"https:\\\/\\\/www.minasemfoco.com.br\\\/portal\\\/sul-de-minas\\\/vacimovel-percorre-bairros-de-pouso-alegre-em-setembro-confira-o-cronograma\\\/\"]}]},{\"@type\":\"ImageObject\",\"inLanguage\":\"pt-BR\",\"@id\":\"https:\\\/\\\/www.minasemfoco.com.br\\\/portal\\\/sul-de-minas\\\/vacimovel-percorre-bairros-de-pouso-alegre-em-setembro-confira-o-cronograma\\\/#primaryimage\",\"url\":\"https:\\\/\\\/www.minasemfoco.com.br\\\/portal\\\/wp-content\\\/uploads\\\/2026\\\/09\\\/eb5f0c908b848915ed809bd8f06ce98d.jpg\",\"contentUrl\":\"https:\\\/\\\/www.minasemfoco.com.br\\\/portal\\\/wp-content\\\/uploads\\\/2026\\\/09\\\/eb5f0c908b848915ed809bd8f06ce98d.jpg\",\"width\":2560,\"height\":1706},{\"@type\":\"BreadcrumbList\",\"@id\":\"https:\\\/\\\/www.minasemfoco.com.br\\\/portal\\\/sul-de-minas\\\/vacimovel-percorre-bairros-de-pouso-alegre-em-setembro-confira-o-cronograma\\\/#breadcrumb\",\"itemListElement\":[{\"@type\":\"ListItem\",\"position\":1,\"name\":\"In\u00edcio\",\"item\":\"https:\\\/\\\/www.minasemfoco.com.br\\\/portal\\\/\"},{\"@type\":\"ListItem\",\"position\":2,\"name\":\"Vacim\u00f3vel percorre bairros de Pouso Alegre em setembro; confira o cronograma\"}]},{\"@type\":\"WebSite\",\"@id\":\"https:\\\/\\\/www.minasemfoco.com.br\\\/portal\\\/#website\",\"url\":\"https:\\\/\\\/www.minasemfoco.com.br\\\/portal\\\/\",\"name\":\"Minas em Foco\",\"description\":\"\",\"publisher\":{\"@id\":\"https:\\\/\\\/www.minasemfoco.com.br\\\/portal\\\/#organization\"},\"potentialAction\":[{\"@type\":\"SearchAction\",\"target\":{\"@type\":\"EntryPoint\",\"urlTemplate\":\"https:\\\/\\\/www.minasemfoco.com.br\\\/portal\\\/?s={search_term_string}\"},\"query-input\":{\"@type\":\"PropertyValueSpecification\",\"valueRequired\":true,\"valueName\":\"search_term_string\"}}],\"inLanguage\":\"pt-BR\"},{\"@type\":\"Organization\",\"@id\":\"https:\\\/\\\/www.minasemfoco.com.br\\\/portal\\\/#organization\",\"name\":\"Minas em Foco\",\"url\":\"https:\\\/\\\/www.minasemfoco.com.br\\\/portal\\\/\",\"logo\":{\"@type\":\"ImageObject\",\"inLanguage\":\"pt-BR\",\"@id\":\"https:\\\/\\\/www.minasemfoco.com.br\\\/portal\\\/#\\\/schema\\\/logo\\\/image\\\/\",\"url\":\"https:\\\/\\\/www.minasemfoco.com.br\\\/portal\\\/wp-content\\\/uploads\\\/2026\\\/04\\\/logo1.png\",\"contentUrl\":\"https:\\\/\\\/www.minasemfoco.com.br\\\/portal\\\/wp-content\\\/uploads\\\/2026\\\/04\\\/logo1.png\",\"width\":1236,\"height\":461,\"caption\":\"Minas em Foco\"},\"image\":{\"@id\":\"https:\\\/\\\/www.minasemfoco.com.br\\\/portal\\\/#\\\/schema\\\/logo\\\/image\\\/\"}},{\"@type\":\"Person\",\"@id\":\"https:\\\/\\\/www.minasemfoco.com.br\\\/portal\\\/#\\\/schema\\\/person\\\/3f6bd4bdeadbf51a94c3dea2625024e2\",\"name\":\"admin\",\"image\":{\"@type\":\"ImageObject\",\"inLanguage\":\"pt-BR\",\"@id\":\"https:\\\/\\\/www.minasemfoco.com.br\\\/portal\\\/wp-content\\\/litespeed\\\/avatar\\\/54516da205052da20f27d19cd1bde445.jpg?ver=1788194102\",\"url\":\"https:\\\/\\\/www.minasemfoco.com.br\\\/portal\\\/wp-content\\\/litespeed\\\/avatar\\\/54516da205052da20f27d19cd1bde445.jpg?ver=1788194102\",\"contentUrl\":\"https:\\\/\\\/www.minasemfoco.com.br\\\/portal\\\/wp-content\\\/litespeed\\\/avatar\\\/54516da205052da20f27d19cd1bde445.jpg?ver=1788194102\",\"caption\":\"admin\"},\"url\":\"https:\\\/\\\/www.minasemfoco.com.br\\\/portal\\\/author\\\/admin\\\/\"}]}<\/script>\n<!-- \/ Yoast SEO plugin. -->","yoast_head_json":{"title":"Vacim\u00f3vel percorre bairros de Pouso Alegre em setembro; confira o cronograma - Minas em Foco","robots":{"index":"index","follow":"follow","max-snippet":"max-snippet:-1","max-image-preview":"max-image-preview:large","max-video-preview":"max-video-preview:-1"},"canonical":"https:\/\/www.minasemfoco.com.br\/portal\/sul-de-minas\/vacimovel-percorre-bairros-de-pouso-alegre-em-setembro-confira-o-cronograma\/","og_locale":"pt_BR","og_type":"article","og_title":"Vacim\u00f3vel percorre bairros de Pouso Alegre em setembro; confira o cronograma - Minas em Foco","og_description":"A Prefeitura de Pouso Alegre, por meio da Secretaria Municipal de Sa\u00fade, divulgou o cronograma do Vacim\u00f3vel para setembro. A unidade m\u00f3vel vai percorrer diferentes regi\u00f5es da cidade ao longo do m\u00eas para facilitar o acesso da popula\u00e7\u00e3o \u00e0 vacina\u00e7\u00e3o e ajudar na atualiza\u00e7\u00e3o da caderneta. Entre os locais previstos est\u00e3o os bairros Afonsos, Massaranduba,","og_url":"https:\/\/www.minasemfoco.com.br\/portal\/sul-de-minas\/vacimovel-percorre-bairros-de-pouso-alegre-em-setembro-confira-o-cronograma\/","og_site_name":"Minas em Foco","article_published_time":"2026-09-02T22:12:11+00:00","og_image":[{"width":2560,"height":1706,"url":"https:\/\/www.minasemfoco.com.br\/portal\/wp-content\/uploads\/2026\/09\/eb5f0c908b848915ed809bd8f06ce98d.jpg","type":"image\/jpeg"}],"author":"admin","twitter_card":"summary_large_image","twitter_misc":{"Escrito por":"admin","Est. tempo de leitura":"2 minutos"},"schema":{"@context":"https:\/\/schema.org","@graph":[{"@type":"Article","@id":"https:\/\/www.minasemfoco.com.br\/portal\/sul-de-minas\/vacimovel-percorre-bairros-de-pouso-alegre-em-setembro-confira-o-cronograma\/#article","isPartOf":{"@id":"https:\/\/www.minasemfoco.com.br\/portal\/sul-de-minas\/vacimovel-percorre-bairros-de-pouso-alegre-em-setembro-confira-o-cronograma\/"},"author":{"name":"admin","@id":"https:\/\/www.minasemfoco.com.br\/portal\/#\/schema\/person\/3f6bd4bdeadbf51a94c3dea2625024e2"},"headline":"Vacim\u00f3vel percorre bairros de Pouso Alegre em setembro; confira o cronograma","datePublished":"2026-09-02T22:12:11+00:00","mainEntityOfPage":{"@id":"https:\/\/www.minasemfoco.com.br\/portal\/sul-de-minas\/vacimovel-percorre-bairros-de-pouso-alegre-em-setembro-confira-o-cronograma\/"},"wordCount":304,"commentCount":0,"publisher":{"@id":"https:\/\/www.minasemfoco.com.br\/portal\/#organization"},"image":{"@id":"https:\/\/www.minasemfoco.com.br\/portal\/sul-de-minas\/vacimovel-percorre-bairros-de-pouso-alegre-em-setembro-confira-o-cronograma\/#primaryimage"},"thumbnailUrl":"https:\/\/www.minasemfoco.com.br\/portal\/wp-content\/uploads\/2026\/09\/eb5f0c908b848915ed809bd8f06ce98d.jpg","articleSection":["Sul de Minas"],"inLanguage":"pt-BR","potentialAction":[{"@type":"CommentAction","name":"Comment","target":["https:\/\/www.minasemfoco.com.br\/portal\/sul-de-minas\/vacimovel-percorre-bairros-de-pouso-alegre-em-setembro-confira-o-cronograma\/#respond"]}]},{"@type":"WebPage","@id":"https:\/\/www.minasemfoco.com.br\/portal\/sul-de-minas\/vacimovel-percorre-bairros-de-pouso-alegre-em-setembro-confira-o-cronograma\/","url":"https:\/\/www.minasemfoco.com.br\/portal\/sul-de-minas\/vacimovel-percorre-bairros-de-pouso-alegre-em-setembro-confira-o-cronograma\/","name":"Vacim\u00f3vel percorre bairros de Pouso Alegre em setembro; confira o cronograma - Minas em Foco","isPartOf":{"@id":"https:\/\/www.minasemfoco.com.br\/portal\/#website"},"primaryImageOfPage":{"@id":"https:\/\/www.minasemfoco.com.br\/portal\/sul-de-minas\/vacimovel-percorre-bairros-de-pouso-alegre-em-setembro-confira-o-cronograma\/#primaryimage"},"image":{"@id":"https:\/\/www.minasemfoco.com.br\/portal\/sul-de-minas\/vacimovel-percorre-bairros-de-pouso-alegre-em-setembro-confira-o-cronograma\/#primaryimage"},"thumbnailUrl":"https:\/\/www.minasemfoco.com.br\/portal\/wp-content\/uploads\/2026\/09\/eb5f0c908b848915ed809bd8f06ce98d.jpg","datePublished":"2026-09-02T22:12:11+00:00","breadcrumb":{"@id":"https:\/\/www.minasemfoco.com.br\/portal\/sul-de-minas\/vacimovel-percorre-bairros-de-pouso-alegre-em-setembro-confira-o-cronograma\/#breadcrumb"},"inLanguage":"pt-BR","potentialAction":[{"@type":"ReadAction","target":["https:\/\/www.minasemfoco.com.br\/portal\/sul-de-minas\/vacimovel-percorre-bairros-de-pouso-alegre-em-setembro-confira-o-cronograma\/"]}]},{"@type":"ImageObject","inLanguage":"pt-BR","@id":"https:\/\/www.minasemfoco.com.br\/portal\/sul-de-minas\/vacimovel-percorre-bairros-de-pouso-alegre-em-setembro-confira-o-cronograma\/#primaryimage","url":"https:\/\/www.minasemfoco.com.br\/portal\/wp-content\/uploads\/2026\/09\/eb5f0c908b848915ed809bd8f06ce98d.jpg","contentUrl":"https:\/\/www.minasemfoco.com.br\/portal\/wp-content\/uploads\/2026\/09\/eb5f0c908b848915ed809bd8f06ce98d.jpg","width":2560,"height":1706},{"@type":"BreadcrumbList","@id":"https:\/\/www.minasemfoco.com.br\/portal\/sul-de-minas\/vacimovel-percorre-bairros-de-pouso-alegre-em-setembro-confira-o-cronograma\/#breadcrumb","itemListElement":[{"@type":"ListItem","position":1,"name":"In\u00edcio","item":"https:\/\/www.minasemfoco.com.br\/portal\/"},{"@type":"ListItem","position":2,"name":"Vacim\u00f3vel percorre bairros de Pouso Alegre em setembro; confira o cronograma"}]},{"@type":"WebSite","@id":"https:\/\/www.minasemfoco.com.br\/portal\/#website","url":"https:\/\/www.minasemfoco.com.br\/portal\/","name":"Minas em Foco","description":"","publisher":{"@id":"https:\/\/www.minasemfoco.com.br\/portal\/#organization"},"potentialAction":[{"@type":"SearchAction","target":{"@type":"EntryPoint","urlTemplate":"https:\/\/www.minasemfoco.com.br\/portal\/?s={search_term_string}"},"query-input":{"@type":"PropertyValueSpecification","valueRequired":true,"valueName":"search_term_string"}}],"inLanguage":"pt-BR"},{"@type":"Organization","@id":"https:\/\/www.minasemfoco.com.br\/portal\/#organization","name":"Minas em Foco","url":"https:\/\/www.minasemfoco.com.br\/portal\/","logo":{"@type":"ImageObject","inLanguage":"pt-BR","@id":"https:\/\/www.minasemfoco.com.br\/portal\/#\/schema\/logo\/image\/","url":"https:\/\/www.minasemfoco.com.br\/portal\/wp-content\/uploads\/2026\/04\/logo1.png","contentUrl":"https:\/\/www.minasemfoco.com.br\/portal\/wp-content\/uploads\/2026\/04\/logo1.png","width":1236,"height":461,"caption":"Minas em Foco"},"image":{"@id":"https:\/\/www.minasemfoco.com.br\/portal\/#\/schema\/logo\/image\/"}},{"@type":"Person","@id":"https:\/\/www.minasemfoco.com.br\/portal\/#\/schema\/person\/3f6bd4bdeadbf51a94c3dea2625024e2","name":"admin","image":{"@type":"ImageObject","inLanguage":"pt-BR","@id":"https:\/\/www.minasemfoco.com.br\/portal\/wp-content\/litespeed\/avatar\/54516da205052da20f27d19cd1bde445.jpg?ver=1788194102","url":"https:\/\/www.minasemfoco.com.br\/portal\/wp-content\/litespeed\/avatar\/54516da205052da20f27d19cd1bde445.jpg?ver=1788194102","contentUrl":"https:\/\/www.minasemfoco.com.br\/portal\/wp-content\/litespeed\/avatar\/54516da205052da20f27d19cd1bde445.jpg?ver=1788194102","caption":"admin"},"url":"https:\/\/www.minasemfoco.com.br\/portal\/author\/admin\/"}]}},"_links":{"self":[{"href":"https:\/\/www.minasemfoco.com.br\/portal\/wp-json\/wp\/v2\/posts\/43111","targetHints":{"allow":["GET"]}}],"collection":[{"href":"https:\/\/www.minasemfoco.com.br\/portal\/wp-json\/wp\/v2\/posts"}],"about":[{"href":"https:\/\/www.minasemfoco.com.br\/portal\/wp-json\/wp\/v2\/types\/post"}],"author":[{"embeddable":true,"href":"https:\/\/www.minasemfoco.com.br\/portal\/wp-json\/wp\/v2\/users\/3"}],"replies":[{"embeddable":true,"href":"https:\/\/www.minasemfoco.com.br\/portal\/wp-json\/wp\/v2\/comments?post=43111"}],"version-history":[{"count":1,"href":"https:\/\/www.minasemfoco.com.br\/portal\/wp-json\/wp\/v2\/posts\/43111\/revisions"}],"predecessor-version":[{"id":43113,"href":"https:\/\/www.minasemfoco.com.br\/portal\/wp-json\/wp\/v2\/posts\/43111\/revisions\/43113"}],"wp:featuredmedia":[{"embeddable":true,"href":"https:\/\/www.minasemfoco.com.br\/portal\/wp-json\/wp\/v2\/media\/43112"}],"wp:attachment":[{"href":"https:\/\/www.minasemfoco.com.br\/portal\/wp-json\/wp\/v2\/media?parent=43111"}],"wp:term":[{"taxonomy":"category","embeddable":true,"href":"https:\/\/www.minasemfoco.com.br\/portal\/wp-json\/wp\/v2\/categories?post=43111"},{"taxonomy":"post_tag","embeddable":true,"href":"https:\/\/www.minasemfoco.com.br\/portal\/wp-json\/wp\/v2\/tags?post=43111"}],"curies":[{"name":"wp","href":"https:\/\/api.w.org\/{rel}","templated":true}]}}