{"id":43114,"date":"2026-09-02T19:17:54","date_gmt":"2026-09-02T22:17:54","guid":{"rendered":"https:\/\/www.minasemfoco.com.br\/portal\/?p=43114"},"modified":"2026-09-02T19:17:54","modified_gmt":"2026-09-02T22:17:54","slug":"pouso-alegre-realiza-2a-etapa-da-vacinacao-antirrabica-para-caes-e-gatos-neste-sabado","status":"publish","type":"post","link":"https:\/\/www.minasemfoco.com.br\/portal\/sul-de-minas\/pouso-alegre-realiza-2a-etapa-da-vacinacao-antirrabica-para-caes-e-gatos-neste-sabado\/","title":{"rendered":"Pouso Alegre realiza 2\u00aa etapa da vacina\u00e7\u00e3o antirr\u00e1bica para c\u00e3es e gatos neste s\u00e1bado"},"content":{"rendered":"<p class=\"isSelectedEnd\"><span style=\"font-family: tahoma, arial, helvetica, sans-serif; font-size: 12pt;\">A Prefeitura de <strong>Pouso Alegre<\/strong>, por meio da Secretaria Municipal de Sa\u00fade, realiza neste s\u00e1bado (5) a <strong>segunda etapa da Campanha de Vacina\u00e7\u00e3o Antirr\u00e1bica Animal 2026<\/strong>. A a\u00e7\u00e3o ser\u00e1 realizada em diferentes bairros da \u00e1rea urbana, com atendimento gratuito das <strong>8h30 \u00e0s 13h30<\/strong>, conforme o hor\u00e1rio de cada ponto.<\/span><\/p><div id=\"minas-947458889\" class=\"minas-conteudo minas-entity-placement\"><div id=\"39170-1\"><script src=\"\/\/ads.themoneytizer.com\/s\/gen.js?type=1\"><\/script><script src=\"\/\/ads.themoneytizer.com\/s\/requestform.js?siteId=39170&formatId=1\" ><\/script><\/div><\/div>\n<p class=\"isSelectedEnd\"><span style=\"font-family: tahoma, arial, helvetica, sans-serif; font-size: 12pt;\">A vacina\u00e7\u00e3o \u00e9 destinada a <strong>c\u00e3es e gatos<\/strong> e faz parte das a\u00e7\u00f5es de preven\u00e7\u00e3o e controle da raiva no munic\u00edpio.<\/span><\/p>\n<p class=\"isSelectedEnd\"><span style=\"font-family: tahoma, arial, helvetica, sans-serif; font-size: 12pt;\">A imuniza\u00e7\u00e3o \u00e9 considerada uma importante medida de sa\u00fade p\u00fablica. Embora os casos de raiva transmitida por variantes caninas tenham diminu\u00eddo no Brasil, o v\u00edrus continua circulando entre animais silvestres, principalmente <strong>morcegos<\/strong>. C\u00e3es e gatos podem ter contato com animais infectados, o que mant\u00e9m a vacina\u00e7\u00e3o necess\u00e1ria.<\/span><\/p>\n<h3><span style=\"font-family: tahoma, arial, helvetica, sans-serif; font-size: 14pt;\">Onde haver\u00e1 vacina\u00e7\u00e3o<\/span><\/h3>\n<p class=\"isSelectedEnd\"><span style=\"font-family: tahoma, arial, helvetica, sans-serif; font-size: 12pt;\"><strong>S\u00e3o Crist\u00f3v\u00e3o<\/strong> \u2014 Pra\u00e7a do CEIM Terezinha Hardy, Av. Dezenove de Outubro, s\/n | <strong>8h30 \u00e0s 11h45<\/strong><\/span><\/p>\n<p class=\"isSelectedEnd\"><span style=\"font-family: tahoma, arial, helvetica, sans-serif; font-size: 12pt;\"><strong>Jardim Brasil I<\/strong> \u2014 ESF Jardim Brasil\/S\u00e3o Crist\u00f3v\u00e3o | <strong>12h \u00e0s 13h30<\/strong><\/span><\/p>\n<p class=\"isSelectedEnd\"><span style=\"font-family: tahoma, arial, helvetica, sans-serif; font-size: 12pt;\"><strong>Cidade Vergani<\/strong> \u2014 Av. Jo\u00e3o Ferreira de Freitas | <strong>8h30 \u00e0s 11h<\/strong><\/span><\/p>\n<p class=\"isSelectedEnd\"><span style=\"font-family: tahoma, arial, helvetica, sans-serif; font-size: 12pt;\"><strong>S\u00e3o Geraldo<\/strong> \u2014 Igreja S\u00e3o Geraldo, Rua Ant\u00f4nio Soares, 60 | <strong>11h30 \u00e0s 13h30<\/strong><\/span><\/p>\n<p class=\"isSelectedEnd\"><span style=\"font-family: tahoma, arial, helvetica, sans-serif; font-size: 12pt;\"><strong>\u00c1rvore Grande<\/strong> \u2014 Pra\u00e7a da \u00c1rvore, Rua Maria Am\u00e9lia de Carvalho, 430 | <strong>8h30 \u00e0s 11h30<\/strong><\/span><\/p>\n<p class=\"isSelectedEnd\"><span style=\"font-family: tahoma, arial, helvetica, sans-serif; font-size: 12pt;\"><strong>Aristeu Costa Rios<\/strong> \u2014 Antiga Quadra, Rua Jos\u00e9 Evangelista Franco, 123 | <strong>12h \u00e0s 13h30<\/strong><\/span><\/p>\n<p class=\"isSelectedEnd\"><span style=\"font-family: tahoma, arial, helvetica, sans-serif; font-size: 12pt;\"><strong>Jardim Ol\u00edmpico<\/strong> \u2014 Pra\u00e7a de Esportes, Av. Jos\u00e9 Agripino Rios, s\/n | <strong>8h30 \u00e0s 13h30<\/strong><\/span><\/p>\n<p class=\"isSelectedEnd\"><span style=\"font-family: tahoma, arial, helvetica, sans-serif; font-size: 12pt;\"><strong>S\u00e3o Geraldo<\/strong> \u2014 Campo do Bangu | <strong>8h30 \u00e0s 13h30<\/strong><\/span><\/p>\n<p class=\"isSelectedEnd\"><span style=\"font-family: tahoma, arial, helvetica, sans-serif; font-size: 12pt;\"><strong>Colina Verde<\/strong> \u2014 Rua Benedito Francisco da Costa, 60 | <strong>8h30 \u00e0s 12h<\/strong><\/span><\/p>\n<p class=\"isSelectedEnd\"><span style=\"font-family: tahoma, arial, helvetica, sans-serif; font-size: 12pt;\"><strong>Foch<\/strong> \u2014 Unidade de Sa\u00fade ESF, Rua Jo\u00e3o de Barros Cobra, 115 | <strong>12h30 \u00e0s 13h30<\/strong><\/span><\/p>\n<p class=\"isSelectedEnd\"><span style=\"font-family: tahoma, arial, helvetica, sans-serif; font-size: 12pt;\"><strong>Santo Expedito<\/strong> \u2014 Rua Jos\u00e9 Ant\u00f4nio dos Santos, 300 | <strong>8h30 \u00e0s 11h30<\/strong><\/span><\/p>\n<p class=\"isSelectedEnd\"><span style=\"font-family: tahoma, arial, helvetica, sans-serif; font-size: 12pt;\"><strong>Cruzeiro<\/strong> \u2014 Rua Higyno Piccini, 267 | <strong>11h45 \u00e0s 13h30<\/strong><\/span><\/p>\n<p class=\"isSelectedEnd\"><span style=\"font-family: tahoma, arial, helvetica, sans-serif; font-size: 12pt;\"><strong>Parque Real<\/strong> \u2014 Av. Maria da Concei\u00e7\u00e3o Santos, 420 | <strong>8h30 \u00e0s 12h15<\/strong><\/span><\/p>\n<p class=\"isSelectedEnd\"><span style=\"font-family: tahoma, arial, helvetica, sans-serif; font-size: 12pt;\"><strong>Jardim Calif\u00f3rnia<\/strong> \u2014 Av. Helias Guersoni, 160 | <strong>12h30 \u00e0s 13h30<\/strong><\/span><\/p>\n<h3><span style=\"font-family: tahoma, arial, helvetica, sans-serif; font-size: 14pt;\">Primeira etapa aplicou 2.361 doses<\/span><\/h3>\n<p class=\"isSelectedEnd\"><span style=\"font-family: tahoma, arial, helvetica, sans-serif; font-size: 12pt;\">A segunda etapa d\u00e1 continuidade \u00e0 campanha iniciada no \u00faltimo s\u00e1bado (29), quando a vacina\u00e7\u00e3o foi realizada em comunidades da <strong>zona rural de Pouso Alegre<\/strong>. Na primeira etapa, foram aplicadas <strong>2.361 doses<\/strong>.<\/span><\/p>\n<p class=\"isSelectedEnd\"><span style=\"font-family: tahoma, arial, helvetica, sans-serif; font-size: 12pt;\">A programa\u00e7\u00e3o continua durante o m\u00eas de setembro em outras regi\u00f5es do munic\u00edpio.<\/span><\/p>\n<h3><span style=\"font-family: tahoma, arial, helvetica, sans-serif; font-size: 14pt;\">Orienta\u00e7\u00f5es aos tutores<\/span><\/h3>\n<p class=\"isSelectedEnd\"><span style=\"font-family: tahoma, arial, helvetica, sans-serif; font-size: 12pt;\">A Prefeitura recomenda que os respons\u00e1veis levem o <strong>cart\u00e3o de vacina\u00e7\u00e3o do animal<\/strong>, caso possuam.<\/span><\/p>\n<p class=\"isSelectedEnd\"><span style=\"font-family: tahoma, arial, helvetica, sans-serif; font-size: 12pt;\">Os c\u00e3es devem ser conduzidos com <strong>coleira e guia adequadas<\/strong>. Para os gatos, a orienta\u00e7\u00e3o \u00e9 utilizar, preferencialmente, <strong>caixas de transporte pr\u00f3prias<\/strong>.<\/span><\/p>\n<p class=\"isSelectedEnd\"><span style=\"font-family: tahoma, arial, helvetica, sans-serif; font-size: 12pt;\">A conten\u00e7\u00e3o dos animais \u00e9 responsabilidade dos tutores e ajuda a evitar fugas, acidentes e situa\u00e7\u00f5es de estresse durante o atendimento.<\/span><\/p>\n<p><span style=\"font-family: tahoma, arial, helvetica, sans-serif; font-size: 12pt;\">A campanha de vacina\u00e7\u00e3o antirr\u00e1bica continua ao longo de setembro, com novas etapas programadas em diferentes regi\u00f5es de Pouso Alegre.<\/span><\/p>\n","protected":false},"excerpt":{"rendered":"<p>A Prefeitura de Pouso Alegre, por meio da Secretaria Municipal de Sa\u00fade, realiza neste s\u00e1bado (5) a segunda etapa da Campanha de Vacina\u00e7\u00e3o Antirr\u00e1bica Animal 2026. A a\u00e7\u00e3o ser\u00e1 realizada em diferentes bairros da \u00e1rea urbana, com atendimento gratuito das 8h30 \u00e0s 13h30, conforme o hor\u00e1rio de cada ponto. A vacina\u00e7\u00e3o \u00e9 destinada a c\u00e3es<\/p>\n","protected":false},"author":3,"featured_media":43115,"comment_status":"open","ping_status":"open","sticky":false,"template":"","format":"standard","meta":{"_sharing_image":[],"_sharing_image_fieldset":[],"footnotes":""},"categories":[532],"tags":[],"class_list":["post-43114","post","type-post","status-publish","format-standard","has-post-thumbnail","category-sul-de-minas"],"yoast_head":"<!-- This site is optimized with the Yoast SEO plugin v27.5 - https:\/\/yoast.com\/product\/yoast-seo-wordpress\/ -->\n<title>Pouso Alegre realiza 2\u00aa etapa da vacina\u00e7\u00e3o antirr\u00e1bica para c\u00e3es e gatos neste s\u00e1bado - Minas em Foco<\/title>\n<meta name=\"robots\" content=\"index, follow, max-snippet:-1, max-image-preview:large, max-video-preview:-1\" \/>\n<link rel=\"canonical\" href=\"https:\/\/www.minasemfoco.com.br\/portal\/sul-de-minas\/pouso-alegre-realiza-2a-etapa-da-vacinacao-antirrabica-para-caes-e-gatos-neste-sabado\/\" \/>\n<meta property=\"og:locale\" content=\"pt_BR\" \/>\n<meta property=\"og:type\" content=\"article\" \/>\n<meta property=\"og:title\" content=\"Pouso Alegre realiza 2\u00aa etapa da vacina\u00e7\u00e3o antirr\u00e1bica para c\u00e3es e gatos neste s\u00e1bado - Minas em Foco\" \/>\n<meta property=\"og:description\" content=\"A Prefeitura de Pouso Alegre, por meio da Secretaria Municipal de Sa\u00fade, realiza neste s\u00e1bado (5) a segunda etapa da Campanha de Vacina\u00e7\u00e3o Antirr\u00e1bica Animal 2026. A a\u00e7\u00e3o ser\u00e1 realizada em diferentes bairros da \u00e1rea urbana, com atendimento gratuito das 8h30 \u00e0s 13h30, conforme o hor\u00e1rio de cada ponto. A vacina\u00e7\u00e3o \u00e9 destinada a c\u00e3es\" \/>\n<meta property=\"og:url\" content=\"https:\/\/www.minasemfoco.com.br\/portal\/sul-de-minas\/pouso-alegre-realiza-2a-etapa-da-vacinacao-antirrabica-para-caes-e-gatos-neste-sabado\/\" \/>\n<meta property=\"og:site_name\" content=\"Minas em Foco\" \/>\n<meta property=\"article:published_time\" content=\"2026-09-02T22:17:54+00:00\" \/>\n<meta property=\"og:image\" content=\"https:\/\/www.minasemfoco.com.br\/portal\/wp-content\/uploads\/2026\/09\/51c07089360f74557ffa74f6a406bf23.jpg\" \/>\n\t<meta property=\"og:image:width\" content=\"1000\" \/>\n\t<meta property=\"og:image:height\" content=\"667\" \/>\n\t<meta property=\"og:image:type\" content=\"image\/jpeg\" \/>\n<meta name=\"author\" content=\"admin\" \/>\n<meta name=\"twitter:card\" content=\"summary_large_image\" \/>\n<meta name=\"twitter:label1\" content=\"Escrito por\" \/>\n\t<meta name=\"twitter:data1\" content=\"admin\" \/>\n\t<meta name=\"twitter:label2\" content=\"Est. tempo de leitura\" \/>\n\t<meta name=\"twitter:data2\" content=\"3 minutos\" \/>\n<script type=\"application\/ld+json\" class=\"yoast-schema-graph\">{\"@context\":\"https:\\\/\\\/schema.org\",\"@graph\":[{\"@type\":\"Article\",\"@id\":\"https:\\\/\\\/www.minasemfoco.com.br\\\/portal\\\/sul-de-minas\\\/pouso-alegre-realiza-2a-etapa-da-vacinacao-antirrabica-para-caes-e-gatos-neste-sabado\\\/#article\",\"isPartOf\":{\"@id\":\"https:\\\/\\\/www.minasemfoco.com.br\\\/portal\\\/sul-de-minas\\\/pouso-alegre-realiza-2a-etapa-da-vacinacao-antirrabica-para-caes-e-gatos-neste-sabado\\\/\"},\"author\":{\"name\":\"admin\",\"@id\":\"https:\\\/\\\/www.minasemfoco.com.br\\\/portal\\\/#\\\/schema\\\/person\\\/3f6bd4bdeadbf51a94c3dea2625024e2\"},\"headline\":\"Pouso Alegre realiza 2\u00aa etapa da vacina\u00e7\u00e3o antirr\u00e1bica para c\u00e3es e gatos neste s\u00e1bado\",\"datePublished\":\"2026-09-02T22:17:54+00:00\",\"mainEntityOfPage\":{\"@id\":\"https:\\\/\\\/www.minasemfoco.com.br\\\/portal\\\/sul-de-minas\\\/pouso-alegre-realiza-2a-etapa-da-vacinacao-antirrabica-para-caes-e-gatos-neste-sabado\\\/\"},\"wordCount\":471,\"commentCount\":0,\"publisher\":{\"@id\":\"https:\\\/\\\/www.minasemfoco.com.br\\\/portal\\\/#organization\"},\"image\":{\"@id\":\"https:\\\/\\\/www.minasemfoco.com.br\\\/portal\\\/sul-de-minas\\\/pouso-alegre-realiza-2a-etapa-da-vacinacao-antirrabica-para-caes-e-gatos-neste-sabado\\\/#primaryimage\"},\"thumbnailUrl\":\"https:\\\/\\\/www.minasemfoco.com.br\\\/portal\\\/wp-content\\\/uploads\\\/2026\\\/09\\\/51c07089360f74557ffa74f6a406bf23.jpg\",\"articleSection\":[\"Sul de Minas\"],\"inLanguage\":\"pt-BR\",\"potentialAction\":[{\"@type\":\"CommentAction\",\"name\":\"Comment\",\"target\":[\"https:\\\/\\\/www.minasemfoco.com.br\\\/portal\\\/sul-de-minas\\\/pouso-alegre-realiza-2a-etapa-da-vacinacao-antirrabica-para-caes-e-gatos-neste-sabado\\\/#respond\"]}]},{\"@type\":\"WebPage\",\"@id\":\"https:\\\/\\\/www.minasemfoco.com.br\\\/portal\\\/sul-de-minas\\\/pouso-alegre-realiza-2a-etapa-da-vacinacao-antirrabica-para-caes-e-gatos-neste-sabado\\\/\",\"url\":\"https:\\\/\\\/www.minasemfoco.com.br\\\/portal\\\/sul-de-minas\\\/pouso-alegre-realiza-2a-etapa-da-vacinacao-antirrabica-para-caes-e-gatos-neste-sabado\\\/\",\"name\":\"Pouso Alegre realiza 2\u00aa etapa da vacina\u00e7\u00e3o antirr\u00e1bica para c\u00e3es e gatos neste s\u00e1bado - Minas em Foco\",\"isPartOf\":{\"@id\":\"https:\\\/\\\/www.minasemfoco.com.br\\\/portal\\\/#website\"},\"primaryImageOfPage\":{\"@id\":\"https:\\\/\\\/www.minasemfoco.com.br\\\/portal\\\/sul-de-minas\\\/pouso-alegre-realiza-2a-etapa-da-vacinacao-antirrabica-para-caes-e-gatos-neste-sabado\\\/#primaryimage\"},\"image\":{\"@id\":\"https:\\\/\\\/www.minasemfoco.com.br\\\/portal\\\/sul-de-minas\\\/pouso-alegre-realiza-2a-etapa-da-vacinacao-antirrabica-para-caes-e-gatos-neste-sabado\\\/#primaryimage\"},\"thumbnailUrl\":\"https:\\\/\\\/www.minasemfoco.com.br\\\/portal\\\/wp-content\\\/uploads\\\/2026\\\/09\\\/51c07089360f74557ffa74f6a406bf23.jpg\",\"datePublished\":\"2026-09-02T22:17:54+00:00\",\"breadcrumb\":{\"@id\":\"https:\\\/\\\/www.minasemfoco.com.br\\\/portal\\\/sul-de-minas\\\/pouso-alegre-realiza-2a-etapa-da-vacinacao-antirrabica-para-caes-e-gatos-neste-sabado\\\/#breadcrumb\"},\"inLanguage\":\"pt-BR\",\"potentialAction\":[{\"@type\":\"ReadAction\",\"target\":[\"https:\\\/\\\/www.minasemfoco.com.br\\\/portal\\\/sul-de-minas\\\/pouso-alegre-realiza-2a-etapa-da-vacinacao-antirrabica-para-caes-e-gatos-neste-sabado\\\/\"]}]},{\"@type\":\"ImageObject\",\"inLanguage\":\"pt-BR\",\"@id\":\"https:\\\/\\\/www.minasemfoco.com.br\\\/portal\\\/sul-de-minas\\\/pouso-alegre-realiza-2a-etapa-da-vacinacao-antirrabica-para-caes-e-gatos-neste-sabado\\\/#primaryimage\",\"url\":\"https:\\\/\\\/www.minasemfoco.com.br\\\/portal\\\/wp-content\\\/uploads\\\/2026\\\/09\\\/51c07089360f74557ffa74f6a406bf23.jpg\",\"contentUrl\":\"https:\\\/\\\/www.minasemfoco.com.br\\\/portal\\\/wp-content\\\/uploads\\\/2026\\\/09\\\/51c07089360f74557ffa74f6a406bf23.jpg\",\"width\":1000,\"height\":667},{\"@type\":\"BreadcrumbList\",\"@id\":\"https:\\\/\\\/www.minasemfoco.com.br\\\/portal\\\/sul-de-minas\\\/pouso-alegre-realiza-2a-etapa-da-vacinacao-antirrabica-para-caes-e-gatos-neste-sabado\\\/#breadcrumb\",\"itemListElement\":[{\"@type\":\"ListItem\",\"position\":1,\"name\":\"In\u00edcio\",\"item\":\"https:\\\/\\\/www.minasemfoco.com.br\\\/portal\\\/\"},{\"@type\":\"ListItem\",\"position\":2,\"name\":\"Pouso Alegre realiza 2\u00aa etapa da vacina\u00e7\u00e3o antirr\u00e1bica para c\u00e3es e gatos neste s\u00e1bado\"}]},{\"@type\":\"WebSite\",\"@id\":\"https:\\\/\\\/www.minasemfoco.com.br\\\/portal\\\/#website\",\"url\":\"https:\\\/\\\/www.minasemfoco.com.br\\\/portal\\\/\",\"name\":\"Minas em Foco\",\"description\":\"\",\"publisher\":{\"@id\":\"https:\\\/\\\/www.minasemfoco.com.br\\\/portal\\\/#organization\"},\"potentialAction\":[{\"@type\":\"SearchAction\",\"target\":{\"@type\":\"EntryPoint\",\"urlTemplate\":\"https:\\\/\\\/www.minasemfoco.com.br\\\/portal\\\/?s={search_term_string}\"},\"query-input\":{\"@type\":\"PropertyValueSpecification\",\"valueRequired\":true,\"valueName\":\"search_term_string\"}}],\"inLanguage\":\"pt-BR\"},{\"@type\":\"Organization\",\"@id\":\"https:\\\/\\\/www.minasemfoco.com.br\\\/portal\\\/#organization\",\"name\":\"Minas em Foco\",\"url\":\"https:\\\/\\\/www.minasemfoco.com.br\\\/portal\\\/\",\"logo\":{\"@type\":\"ImageObject\",\"inLanguage\":\"pt-BR\",\"@id\":\"https:\\\/\\\/www.minasemfoco.com.br\\\/portal\\\/#\\\/schema\\\/logo\\\/image\\\/\",\"url\":\"https:\\\/\\\/www.minasemfoco.com.br\\\/portal\\\/wp-content\\\/uploads\\\/2026\\\/04\\\/logo1.png\",\"contentUrl\":\"https:\\\/\\\/www.minasemfoco.com.br\\\/portal\\\/wp-content\\\/uploads\\\/2026\\\/04\\\/logo1.png\",\"width\":1236,\"height\":461,\"caption\":\"Minas em Foco\"},\"image\":{\"@id\":\"https:\\\/\\\/www.minasemfoco.com.br\\\/portal\\\/#\\\/schema\\\/logo\\\/image\\\/\"}},{\"@type\":\"Person\",\"@id\":\"https:\\\/\\\/www.minasemfoco.com.br\\\/portal\\\/#\\\/schema\\\/person\\\/3f6bd4bdeadbf51a94c3dea2625024e2\",\"name\":\"admin\",\"image\":{\"@type\":\"ImageObject\",\"inLanguage\":\"pt-BR\",\"@id\":\"https:\\\/\\\/www.minasemfoco.com.br\\\/portal\\\/wp-content\\\/litespeed\\\/avatar\\\/54516da205052da20f27d19cd1bde445.jpg?ver=1788194102\",\"url\":\"https:\\\/\\\/www.minasemfoco.com.br\\\/portal\\\/wp-content\\\/litespeed\\\/avatar\\\/54516da205052da20f27d19cd1bde445.jpg?ver=1788194102\",\"contentUrl\":\"https:\\\/\\\/www.minasemfoco.com.br\\\/portal\\\/wp-content\\\/litespeed\\\/avatar\\\/54516da205052da20f27d19cd1bde445.jpg?ver=1788194102\",\"caption\":\"admin\"},\"url\":\"https:\\\/\\\/www.minasemfoco.com.br\\\/portal\\\/author\\\/admin\\\/\"}]}<\/script>\n<!-- \/ Yoast SEO plugin. -->","yoast_head_json":{"title":"Pouso Alegre realiza 2\u00aa etapa da vacina\u00e7\u00e3o antirr\u00e1bica para c\u00e3es e gatos neste s\u00e1bado - Minas em Foco","robots":{"index":"index","follow":"follow","max-snippet":"max-snippet:-1","max-image-preview":"max-image-preview:large","max-video-preview":"max-video-preview:-1"},"canonical":"https:\/\/www.minasemfoco.com.br\/portal\/sul-de-minas\/pouso-alegre-realiza-2a-etapa-da-vacinacao-antirrabica-para-caes-e-gatos-neste-sabado\/","og_locale":"pt_BR","og_type":"article","og_title":"Pouso Alegre realiza 2\u00aa etapa da vacina\u00e7\u00e3o antirr\u00e1bica para c\u00e3es e gatos neste s\u00e1bado - Minas em Foco","og_description":"A Prefeitura de Pouso Alegre, por meio da Secretaria Municipal de Sa\u00fade, realiza neste s\u00e1bado (5) a segunda etapa da Campanha de Vacina\u00e7\u00e3o Antirr\u00e1bica Animal 2026. A a\u00e7\u00e3o ser\u00e1 realizada em diferentes bairros da \u00e1rea urbana, com atendimento gratuito das 8h30 \u00e0s 13h30, conforme o hor\u00e1rio de cada ponto. A vacina\u00e7\u00e3o \u00e9 destinada a c\u00e3es","og_url":"https:\/\/www.minasemfoco.com.br\/portal\/sul-de-minas\/pouso-alegre-realiza-2a-etapa-da-vacinacao-antirrabica-para-caes-e-gatos-neste-sabado\/","og_site_name":"Minas em Foco","article_published_time":"2026-09-02T22:17:54+00:00","og_image":[{"width":1000,"height":667,"url":"https:\/\/www.minasemfoco.com.br\/portal\/wp-content\/uploads\/2026\/09\/51c07089360f74557ffa74f6a406bf23.jpg","type":"image\/jpeg"}],"author":"admin","twitter_card":"summary_large_image","twitter_misc":{"Escrito por":"admin","Est. tempo de leitura":"3 minutos"},"schema":{"@context":"https:\/\/schema.org","@graph":[{"@type":"Article","@id":"https:\/\/www.minasemfoco.com.br\/portal\/sul-de-minas\/pouso-alegre-realiza-2a-etapa-da-vacinacao-antirrabica-para-caes-e-gatos-neste-sabado\/#article","isPartOf":{"@id":"https:\/\/www.minasemfoco.com.br\/portal\/sul-de-minas\/pouso-alegre-realiza-2a-etapa-da-vacinacao-antirrabica-para-caes-e-gatos-neste-sabado\/"},"author":{"name":"admin","@id":"https:\/\/www.minasemfoco.com.br\/portal\/#\/schema\/person\/3f6bd4bdeadbf51a94c3dea2625024e2"},"headline":"Pouso Alegre realiza 2\u00aa etapa da vacina\u00e7\u00e3o antirr\u00e1bica para c\u00e3es e gatos neste s\u00e1bado","datePublished":"2026-09-02T22:17:54+00:00","mainEntityOfPage":{"@id":"https:\/\/www.minasemfoco.com.br\/portal\/sul-de-minas\/pouso-alegre-realiza-2a-etapa-da-vacinacao-antirrabica-para-caes-e-gatos-neste-sabado\/"},"wordCount":471,"commentCount":0,"publisher":{"@id":"https:\/\/www.minasemfoco.com.br\/portal\/#organization"},"image":{"@id":"https:\/\/www.minasemfoco.com.br\/portal\/sul-de-minas\/pouso-alegre-realiza-2a-etapa-da-vacinacao-antirrabica-para-caes-e-gatos-neste-sabado\/#primaryimage"},"thumbnailUrl":"https:\/\/www.minasemfoco.com.br\/portal\/wp-content\/uploads\/2026\/09\/51c07089360f74557ffa74f6a406bf23.jpg","articleSection":["Sul de Minas"],"inLanguage":"pt-BR","potentialAction":[{"@type":"CommentAction","name":"Comment","target":["https:\/\/www.minasemfoco.com.br\/portal\/sul-de-minas\/pouso-alegre-realiza-2a-etapa-da-vacinacao-antirrabica-para-caes-e-gatos-neste-sabado\/#respond"]}]},{"@type":"WebPage","@id":"https:\/\/www.minasemfoco.com.br\/portal\/sul-de-minas\/pouso-alegre-realiza-2a-etapa-da-vacinacao-antirrabica-para-caes-e-gatos-neste-sabado\/","url":"https:\/\/www.minasemfoco.com.br\/portal\/sul-de-minas\/pouso-alegre-realiza-2a-etapa-da-vacinacao-antirrabica-para-caes-e-gatos-neste-sabado\/","name":"Pouso Alegre realiza 2\u00aa etapa da vacina\u00e7\u00e3o antirr\u00e1bica para c\u00e3es e gatos neste s\u00e1bado - Minas em Foco","isPartOf":{"@id":"https:\/\/www.minasemfoco.com.br\/portal\/#website"},"primaryImageOfPage":{"@id":"https:\/\/www.minasemfoco.com.br\/portal\/sul-de-minas\/pouso-alegre-realiza-2a-etapa-da-vacinacao-antirrabica-para-caes-e-gatos-neste-sabado\/#primaryimage"},"image":{"@id":"https:\/\/www.minasemfoco.com.br\/portal\/sul-de-minas\/pouso-alegre-realiza-2a-etapa-da-vacinacao-antirrabica-para-caes-e-gatos-neste-sabado\/#primaryimage"},"thumbnailUrl":"https:\/\/www.minasemfoco.com.br\/portal\/wp-content\/uploads\/2026\/09\/51c07089360f74557ffa74f6a406bf23.jpg","datePublished":"2026-09-02T22:17:54+00:00","breadcrumb":{"@id":"https:\/\/www.minasemfoco.com.br\/portal\/sul-de-minas\/pouso-alegre-realiza-2a-etapa-da-vacinacao-antirrabica-para-caes-e-gatos-neste-sabado\/#breadcrumb"},"inLanguage":"pt-BR","potentialAction":[{"@type":"ReadAction","target":["https:\/\/www.minasemfoco.com.br\/portal\/sul-de-minas\/pouso-alegre-realiza-2a-etapa-da-vacinacao-antirrabica-para-caes-e-gatos-neste-sabado\/"]}]},{"@type":"ImageObject","inLanguage":"pt-BR","@id":"https:\/\/www.minasemfoco.com.br\/portal\/sul-de-minas\/pouso-alegre-realiza-2a-etapa-da-vacinacao-antirrabica-para-caes-e-gatos-neste-sabado\/#primaryimage","url":"https:\/\/www.minasemfoco.com.br\/portal\/wp-content\/uploads\/2026\/09\/51c07089360f74557ffa74f6a406bf23.jpg","contentUrl":"https:\/\/www.minasemfoco.com.br\/portal\/wp-content\/uploads\/2026\/09\/51c07089360f74557ffa74f6a406bf23.jpg","width":1000,"height":667},{"@type":"BreadcrumbList","@id":"https:\/\/www.minasemfoco.com.br\/portal\/sul-de-minas\/pouso-alegre-realiza-2a-etapa-da-vacinacao-antirrabica-para-caes-e-gatos-neste-sabado\/#breadcrumb","itemListElement":[{"@type":"ListItem","position":1,"name":"In\u00edcio","item":"https:\/\/www.minasemfoco.com.br\/portal\/"},{"@type":"ListItem","position":2,"name":"Pouso Alegre realiza 2\u00aa etapa da vacina\u00e7\u00e3o antirr\u00e1bica para c\u00e3es e gatos neste s\u00e1bado"}]},{"@type":"WebSite","@id":"https:\/\/www.minasemfoco.com.br\/portal\/#website","url":"https:\/\/www.minasemfoco.com.br\/portal\/","name":"Minas em Foco","description":"","publisher":{"@id":"https:\/\/www.minasemfoco.com.br\/portal\/#organization"},"potentialAction":[{"@type":"SearchAction","target":{"@type":"EntryPoint","urlTemplate":"https:\/\/www.minasemfoco.com.br\/portal\/?s={search_term_string}"},"query-input":{"@type":"PropertyValueSpecification","valueRequired":true,"valueName":"search_term_string"}}],"inLanguage":"pt-BR"},{"@type":"Organization","@id":"https:\/\/www.minasemfoco.com.br\/portal\/#organization","name":"Minas em Foco","url":"https:\/\/www.minasemfoco.com.br\/portal\/","logo":{"@type":"ImageObject","inLanguage":"pt-BR","@id":"https:\/\/www.minasemfoco.com.br\/portal\/#\/schema\/logo\/image\/","url":"https:\/\/www.minasemfoco.com.br\/portal\/wp-content\/uploads\/2026\/04\/logo1.png","contentUrl":"https:\/\/www.minasemfoco.com.br\/portal\/wp-content\/uploads\/2026\/04\/logo1.png","width":1236,"height":461,"caption":"Minas em Foco"},"image":{"@id":"https:\/\/www.minasemfoco.com.br\/portal\/#\/schema\/logo\/image\/"}},{"@type":"Person","@id":"https:\/\/www.minasemfoco.com.br\/portal\/#\/schema\/person\/3f6bd4bdeadbf51a94c3dea2625024e2","name":"admin","image":{"@type":"ImageObject","inLanguage":"pt-BR","@id":"https:\/\/www.minasemfoco.com.br\/portal\/wp-content\/litespeed\/avatar\/54516da205052da20f27d19cd1bde445.jpg?ver=1788194102","url":"https:\/\/www.minasemfoco.com.br\/portal\/wp-content\/litespeed\/avatar\/54516da205052da20f27d19cd1bde445.jpg?ver=1788194102","contentUrl":"https:\/\/www.minasemfoco.com.br\/portal\/wp-content\/litespeed\/avatar\/54516da205052da20f27d19cd1bde445.jpg?ver=1788194102","caption":"admin"},"url":"https:\/\/www.minasemfoco.com.br\/portal\/author\/admin\/"}]}},"_links":{"self":[{"href":"https:\/\/www.minasemfoco.com.br\/portal\/wp-json\/wp\/v2\/posts\/43114","targetHints":{"allow":["GET"]}}],"collection":[{"href":"https:\/\/www.minasemfoco.com.br\/portal\/wp-json\/wp\/v2\/posts"}],"about":[{"href":"https:\/\/www.minasemfoco.com.br\/portal\/wp-json\/wp\/v2\/types\/post"}],"author":[{"embeddable":true,"href":"https:\/\/www.minasemfoco.com.br\/portal\/wp-json\/wp\/v2\/users\/3"}],"replies":[{"embeddable":true,"href":"https:\/\/www.minasemfoco.com.br\/portal\/wp-json\/wp\/v2\/comments?post=43114"}],"version-history":[{"count":1,"href":"https:\/\/www.minasemfoco.com.br\/portal\/wp-json\/wp\/v2\/posts\/43114\/revisions"}],"predecessor-version":[{"id":43116,"href":"https:\/\/www.minasemfoco.com.br\/portal\/wp-json\/wp\/v2\/posts\/43114\/revisions\/43116"}],"wp:featuredmedia":[{"embeddable":true,"href":"https:\/\/www.minasemfoco.com.br\/portal\/wp-json\/wp\/v2\/media\/43115"}],"wp:attachment":[{"href":"https:\/\/www.minasemfoco.com.br\/portal\/wp-json\/wp\/v2\/media?parent=43114"}],"wp:term":[{"taxonomy":"category","embeddable":true,"href":"https:\/\/www.minasemfoco.com.br\/portal\/wp-json\/wp\/v2\/categories?post=43114"},{"taxonomy":"post_tag","embeddable":true,"href":"https:\/\/www.minasemfoco.com.br\/portal\/wp-json\/wp\/v2\/tags?post=43114"}],"curies":[{"name":"wp","href":"https:\/\/api.w.org\/{rel}","templated":true}]}}