{"id":43117,"date":"2026-09-04T17:01:37","date_gmt":"2026-09-04T20:01:37","guid":{"rendered":"https:\/\/www.minasemfoco.com.br\/portal\/?p=43117"},"modified":"2026-09-04T17:01:37","modified_gmt":"2026-09-04T20:01:37","slug":"posto-de-combustiveis-e-interditado-apos-funcionar-com-autorizacao-cancelada-pela-anp-no-sul-de-minas","status":"publish","type":"post","link":"https:\/\/www.minasemfoco.com.br\/portal\/sul-de-minas\/posto-de-combustiveis-e-interditado-apos-funcionar-com-autorizacao-cancelada-pela-anp-no-sul-de-minas\/","title":{"rendered":"Posto de combust\u00edveis \u00e9 interditado ap\u00f3s funcionar com autoriza\u00e7\u00e3o cancelada pela ANP no Sul de Minas"},"content":{"rendered":"<p class=\"isSelectedEnd\"><span style=\"font-size: 12pt; font-family: tahoma, arial, helvetica, sans-serif;\">Um posto de combust\u00edveis foi <strong>autuado e totalmente interditado em Concei\u00e7\u00e3o dos Ouros, no Sul de Minas<\/strong>, durante uma fiscaliza\u00e7\u00e3o realizada nesta quinta-feira (3) pelo <strong>Procon do Minist\u00e9rio P\u00fablico de Minas Gerais (Procon-MPMG)<\/strong>.<\/span><\/p><div id=\"minas-3842513472\" class=\"minas-conteudo minas-entity-placement\"><div id=\"39170-1\"><script src=\"\/\/ads.themoneytizer.com\/s\/gen.js?type=1\"><\/script><script src=\"\/\/ads.themoneytizer.com\/s\/requestform.js?siteId=39170&formatId=1\" ><\/script><\/div><\/div>\n<p class=\"isSelectedEnd\"><span style=\"font-size: 12pt; font-family: tahoma, arial, helvetica, sans-serif;\">Os fiscais constataram que a <strong>autoriza\u00e7\u00e3o do estabelecimento havia sido cancelada pela ANP em 18 de maio de 2026<\/strong>. Mesmo assim, o posto <strong>continuava funcionando e realizando abastecimentos<\/strong>.<\/span><\/p>\n<p class=\"isSelectedEnd\"><span style=\"font-size: 12pt; font-family: tahoma, arial, helvetica, sans-serif;\">Diante da irregularidade, foi determinada a <strong>interrup\u00e7\u00e3o imediata das atividades<\/strong>, com a autua\u00e7\u00e3o do estabelecimento e a <strong>interdi\u00e7\u00e3o de todos os bicos das bombas de combust\u00edveis<\/strong>.<\/span><\/p>\n<p class=\"isSelectedEnd\"><span style=\"font-size: 12pt; font-family: tahoma, arial, helvetica, sans-serif;\">Tamb\u00e9m foram <strong>coletadas amostras dos combust\u00edveis comercializados no local<\/strong> para an\u00e1lises t\u00e9cnicas.<\/span><\/p>\n<p class=\"isSelectedEnd\"><span style=\"font-size: 12pt; font-family: tahoma, arial, helvetica, sans-serif;\">Segundo o Procon-MPMG, a medida busca <strong>proteger os consumidores e garantir o cumprimento da legisla\u00e7\u00e3o<\/strong> que regulamenta a comercializa\u00e7\u00e3o de combust\u00edveis.<\/span><\/p>\n<p><span style=\"font-size: 12pt; font-family: tahoma, arial, helvetica, sans-serif;\">O posto permanecer\u00e1 <strong>impedido de realizar abastecimentos at\u00e9 a regulariza\u00e7\u00e3o da situa\u00e7\u00e3o<\/strong> e a ado\u00e7\u00e3o das provid\u00eancias cab\u00edveis pelos \u00f3rg\u00e3os competentes.<\/span><\/p>\n","protected":false},"excerpt":{"rendered":"<p>Um posto de combust\u00edveis foi autuado e totalmente interditado em Concei\u00e7\u00e3o dos Ouros, no Sul de Minas, durante uma fiscaliza\u00e7\u00e3o realizada nesta quinta-feira (3) pelo Procon do Minist\u00e9rio P\u00fablico de Minas Gerais (Procon-MPMG). Os fiscais constataram que a autoriza\u00e7\u00e3o do estabelecimento havia sido cancelada pela ANP em 18 de maio de 2026. Mesmo assim, o<\/p>\n","protected":false},"author":3,"featured_media":43118,"comment_status":"open","ping_status":"open","sticky":false,"template":"","format":"standard","meta":{"_sharing_image":[],"_sharing_image_fieldset":[],"footnotes":""},"categories":[532],"tags":[],"class_list":["post-43117","post","type-post","status-publish","format-standard","has-post-thumbnail","category-sul-de-minas"],"yoast_head":"<!-- This site is optimized with the Yoast SEO plugin v27.5 - https:\/\/yoast.com\/product\/yoast-seo-wordpress\/ -->\n<title>Posto de combust\u00edveis \u00e9 interditado ap\u00f3s funcionar com autoriza\u00e7\u00e3o cancelada pela ANP no Sul de Minas - Minas em Foco<\/title>\n<meta name=\"robots\" content=\"index, follow, max-snippet:-1, max-image-preview:large, max-video-preview:-1\" \/>\n<link rel=\"canonical\" href=\"https:\/\/www.minasemfoco.com.br\/portal\/sul-de-minas\/posto-de-combustiveis-e-interditado-apos-funcionar-com-autorizacao-cancelada-pela-anp-no-sul-de-minas\/\" \/>\n<meta property=\"og:locale\" content=\"pt_BR\" \/>\n<meta property=\"og:type\" content=\"article\" \/>\n<meta property=\"og:title\" content=\"Posto de combust\u00edveis \u00e9 interditado ap\u00f3s funcionar com autoriza\u00e7\u00e3o cancelada pela ANP no Sul de Minas - Minas em Foco\" \/>\n<meta property=\"og:description\" content=\"Um posto de combust\u00edveis foi autuado e totalmente interditado em Concei\u00e7\u00e3o dos Ouros, no Sul de Minas, durante uma fiscaliza\u00e7\u00e3o realizada nesta quinta-feira (3) pelo Procon do Minist\u00e9rio P\u00fablico de Minas Gerais (Procon-MPMG). Os fiscais constataram que a autoriza\u00e7\u00e3o do estabelecimento havia sido cancelada pela ANP em 18 de maio de 2026. Mesmo assim, o\" \/>\n<meta property=\"og:url\" content=\"https:\/\/www.minasemfoco.com.br\/portal\/sul-de-minas\/posto-de-combustiveis-e-interditado-apos-funcionar-com-autorizacao-cancelada-pela-anp-no-sul-de-minas\/\" \/>\n<meta property=\"og:site_name\" content=\"Minas em Foco\" \/>\n<meta property=\"article:published_time\" content=\"2026-09-04T20:01:37+00:00\" \/>\n<meta property=\"og:image\" content=\"https:\/\/www.minasemfoco.com.br\/portal\/wp-content\/uploads\/2026\/09\/noticia-interdicao-posto-em-conceicao-dos-ouros.jpg\" \/>\n\t<meta property=\"og:image:width\" content=\"1000\" \/>\n\t<meta property=\"og:image:height\" content=\"683\" \/>\n\t<meta property=\"og:image:type\" content=\"image\/jpeg\" \/>\n<meta name=\"author\" content=\"admin\" \/>\n<meta name=\"twitter:card\" content=\"summary_large_image\" \/>\n<meta name=\"twitter:label1\" content=\"Escrito por\" \/>\n\t<meta name=\"twitter:data1\" content=\"admin\" \/>\n\t<meta name=\"twitter:label2\" content=\"Est. tempo de leitura\" \/>\n\t<meta name=\"twitter:data2\" content=\"1 minuto\" \/>\n<script type=\"application\/ld+json\" class=\"yoast-schema-graph\">{\"@context\":\"https:\\\/\\\/schema.org\",\"@graph\":[{\"@type\":\"Article\",\"@id\":\"https:\\\/\\\/www.minasemfoco.com.br\\\/portal\\\/sul-de-minas\\\/posto-de-combustiveis-e-interditado-apos-funcionar-com-autorizacao-cancelada-pela-anp-no-sul-de-minas\\\/#article\",\"isPartOf\":{\"@id\":\"https:\\\/\\\/www.minasemfoco.com.br\\\/portal\\\/sul-de-minas\\\/posto-de-combustiveis-e-interditado-apos-funcionar-com-autorizacao-cancelada-pela-anp-no-sul-de-minas\\\/\"},\"author\":{\"name\":\"admin\",\"@id\":\"https:\\\/\\\/www.minasemfoco.com.br\\\/portal\\\/#\\\/schema\\\/person\\\/3f6bd4bdeadbf51a94c3dea2625024e2\"},\"headline\":\"Posto de combust\u00edveis \u00e9 interditado ap\u00f3s funcionar com autoriza\u00e7\u00e3o cancelada pela ANP no Sul de Minas\",\"datePublished\":\"2026-09-04T20:01:37+00:00\",\"mainEntityOfPage\":{\"@id\":\"https:\\\/\\\/www.minasemfoco.com.br\\\/portal\\\/sul-de-minas\\\/posto-de-combustiveis-e-interditado-apos-funcionar-com-autorizacao-cancelada-pela-anp-no-sul-de-minas\\\/\"},\"wordCount\":179,\"commentCount\":0,\"publisher\":{\"@id\":\"https:\\\/\\\/www.minasemfoco.com.br\\\/portal\\\/#organization\"},\"image\":{\"@id\":\"https:\\\/\\\/www.minasemfoco.com.br\\\/portal\\\/sul-de-minas\\\/posto-de-combustiveis-e-interditado-apos-funcionar-com-autorizacao-cancelada-pela-anp-no-sul-de-minas\\\/#primaryimage\"},\"thumbnailUrl\":\"https:\\\/\\\/www.minasemfoco.com.br\\\/portal\\\/wp-content\\\/uploads\\\/2026\\\/09\\\/noticia-interdicao-posto-em-conceicao-dos-ouros.jpg\",\"articleSection\":[\"Sul de Minas\"],\"inLanguage\":\"pt-BR\",\"potentialAction\":[{\"@type\":\"CommentAction\",\"name\":\"Comment\",\"target\":[\"https:\\\/\\\/www.minasemfoco.com.br\\\/portal\\\/sul-de-minas\\\/posto-de-combustiveis-e-interditado-apos-funcionar-com-autorizacao-cancelada-pela-anp-no-sul-de-minas\\\/#respond\"]}]},{\"@type\":\"WebPage\",\"@id\":\"https:\\\/\\\/www.minasemfoco.com.br\\\/portal\\\/sul-de-minas\\\/posto-de-combustiveis-e-interditado-apos-funcionar-com-autorizacao-cancelada-pela-anp-no-sul-de-minas\\\/\",\"url\":\"https:\\\/\\\/www.minasemfoco.com.br\\\/portal\\\/sul-de-minas\\\/posto-de-combustiveis-e-interditado-apos-funcionar-com-autorizacao-cancelada-pela-anp-no-sul-de-minas\\\/\",\"name\":\"Posto de combust\u00edveis \u00e9 interditado ap\u00f3s funcionar com autoriza\u00e7\u00e3o cancelada pela ANP no Sul de Minas - Minas em Foco\",\"isPartOf\":{\"@id\":\"https:\\\/\\\/www.minasemfoco.com.br\\\/portal\\\/#website\"},\"primaryImageOfPage\":{\"@id\":\"https:\\\/\\\/www.minasemfoco.com.br\\\/portal\\\/sul-de-minas\\\/posto-de-combustiveis-e-interditado-apos-funcionar-com-autorizacao-cancelada-pela-anp-no-sul-de-minas\\\/#primaryimage\"},\"image\":{\"@id\":\"https:\\\/\\\/www.minasemfoco.com.br\\\/portal\\\/sul-de-minas\\\/posto-de-combustiveis-e-interditado-apos-funcionar-com-autorizacao-cancelada-pela-anp-no-sul-de-minas\\\/#primaryimage\"},\"thumbnailUrl\":\"https:\\\/\\\/www.minasemfoco.com.br\\\/portal\\\/wp-content\\\/uploads\\\/2026\\\/09\\\/noticia-interdicao-posto-em-conceicao-dos-ouros.jpg\",\"datePublished\":\"2026-09-04T20:01:37+00:00\",\"breadcrumb\":{\"@id\":\"https:\\\/\\\/www.minasemfoco.com.br\\\/portal\\\/sul-de-minas\\\/posto-de-combustiveis-e-interditado-apos-funcionar-com-autorizacao-cancelada-pela-anp-no-sul-de-minas\\\/#breadcrumb\"},\"inLanguage\":\"pt-BR\",\"potentialAction\":[{\"@type\":\"ReadAction\",\"target\":[\"https:\\\/\\\/www.minasemfoco.com.br\\\/portal\\\/sul-de-minas\\\/posto-de-combustiveis-e-interditado-apos-funcionar-com-autorizacao-cancelada-pela-anp-no-sul-de-minas\\\/\"]}]},{\"@type\":\"ImageObject\",\"inLanguage\":\"pt-BR\",\"@id\":\"https:\\\/\\\/www.minasemfoco.com.br\\\/portal\\\/sul-de-minas\\\/posto-de-combustiveis-e-interditado-apos-funcionar-com-autorizacao-cancelada-pela-anp-no-sul-de-minas\\\/#primaryimage\",\"url\":\"https:\\\/\\\/www.minasemfoco.com.br\\\/portal\\\/wp-content\\\/uploads\\\/2026\\\/09\\\/noticia-interdicao-posto-em-conceicao-dos-ouros.jpg\",\"contentUrl\":\"https:\\\/\\\/www.minasemfoco.com.br\\\/portal\\\/wp-content\\\/uploads\\\/2026\\\/09\\\/noticia-interdicao-posto-em-conceicao-dos-ouros.jpg\",\"width\":1000,\"height\":683,\"caption\":\"Imagem: Procon-MPMG\"},{\"@type\":\"BreadcrumbList\",\"@id\":\"https:\\\/\\\/www.minasemfoco.com.br\\\/portal\\\/sul-de-minas\\\/posto-de-combustiveis-e-interditado-apos-funcionar-com-autorizacao-cancelada-pela-anp-no-sul-de-minas\\\/#breadcrumb\",\"itemListElement\":[{\"@type\":\"ListItem\",\"position\":1,\"name\":\"In\u00edcio\",\"item\":\"https:\\\/\\\/www.minasemfoco.com.br\\\/portal\\\/\"},{\"@type\":\"ListItem\",\"position\":2,\"name\":\"Posto de combust\u00edveis \u00e9 interditado ap\u00f3s funcionar com autoriza\u00e7\u00e3o cancelada pela ANP no Sul de Minas\"}]},{\"@type\":\"WebSite\",\"@id\":\"https:\\\/\\\/www.minasemfoco.com.br\\\/portal\\\/#website\",\"url\":\"https:\\\/\\\/www.minasemfoco.com.br\\\/portal\\\/\",\"name\":\"Minas em Foco\",\"description\":\"\",\"publisher\":{\"@id\":\"https:\\\/\\\/www.minasemfoco.com.br\\\/portal\\\/#organization\"},\"potentialAction\":[{\"@type\":\"SearchAction\",\"target\":{\"@type\":\"EntryPoint\",\"urlTemplate\":\"https:\\\/\\\/www.minasemfoco.com.br\\\/portal\\\/?s={search_term_string}\"},\"query-input\":{\"@type\":\"PropertyValueSpecification\",\"valueRequired\":true,\"valueName\":\"search_term_string\"}}],\"inLanguage\":\"pt-BR\"},{\"@type\":\"Organization\",\"@id\":\"https:\\\/\\\/www.minasemfoco.com.br\\\/portal\\\/#organization\",\"name\":\"Minas em Foco\",\"url\":\"https:\\\/\\\/www.minasemfoco.com.br\\\/portal\\\/\",\"logo\":{\"@type\":\"ImageObject\",\"inLanguage\":\"pt-BR\",\"@id\":\"https:\\\/\\\/www.minasemfoco.com.br\\\/portal\\\/#\\\/schema\\\/logo\\\/image\\\/\",\"url\":\"https:\\\/\\\/www.minasemfoco.com.br\\\/portal\\\/wp-content\\\/uploads\\\/2026\\\/04\\\/logo1.png\",\"contentUrl\":\"https:\\\/\\\/www.minasemfoco.com.br\\\/portal\\\/wp-content\\\/uploads\\\/2026\\\/04\\\/logo1.png\",\"width\":1236,\"height\":461,\"caption\":\"Minas em Foco\"},\"image\":{\"@id\":\"https:\\\/\\\/www.minasemfoco.com.br\\\/portal\\\/#\\\/schema\\\/logo\\\/image\\\/\"}},{\"@type\":\"Person\",\"@id\":\"https:\\\/\\\/www.minasemfoco.com.br\\\/portal\\\/#\\\/schema\\\/person\\\/3f6bd4bdeadbf51a94c3dea2625024e2\",\"name\":\"admin\",\"image\":{\"@type\":\"ImageObject\",\"inLanguage\":\"pt-BR\",\"@id\":\"https:\\\/\\\/www.minasemfoco.com.br\\\/portal\\\/wp-content\\\/litespeed\\\/avatar\\\/54516da205052da20f27d19cd1bde445.jpg?ver=1788194102\",\"url\":\"https:\\\/\\\/www.minasemfoco.com.br\\\/portal\\\/wp-content\\\/litespeed\\\/avatar\\\/54516da205052da20f27d19cd1bde445.jpg?ver=1788194102\",\"contentUrl\":\"https:\\\/\\\/www.minasemfoco.com.br\\\/portal\\\/wp-content\\\/litespeed\\\/avatar\\\/54516da205052da20f27d19cd1bde445.jpg?ver=1788194102\",\"caption\":\"admin\"},\"url\":\"https:\\\/\\\/www.minasemfoco.com.br\\\/portal\\\/author\\\/admin\\\/\"}]}<\/script>\n<!-- \/ Yoast SEO plugin. -->","yoast_head_json":{"title":"Posto de combust\u00edveis \u00e9 interditado ap\u00f3s funcionar com autoriza\u00e7\u00e3o cancelada pela ANP no Sul de Minas - Minas em Foco","robots":{"index":"index","follow":"follow","max-snippet":"max-snippet:-1","max-image-preview":"max-image-preview:large","max-video-preview":"max-video-preview:-1"},"canonical":"https:\/\/www.minasemfoco.com.br\/portal\/sul-de-minas\/posto-de-combustiveis-e-interditado-apos-funcionar-com-autorizacao-cancelada-pela-anp-no-sul-de-minas\/","og_locale":"pt_BR","og_type":"article","og_title":"Posto de combust\u00edveis \u00e9 interditado ap\u00f3s funcionar com autoriza\u00e7\u00e3o cancelada pela ANP no Sul de Minas - Minas em Foco","og_description":"Um posto de combust\u00edveis foi autuado e totalmente interditado em Concei\u00e7\u00e3o dos Ouros, no Sul de Minas, durante uma fiscaliza\u00e7\u00e3o realizada nesta quinta-feira (3) pelo Procon do Minist\u00e9rio P\u00fablico de Minas Gerais (Procon-MPMG). Os fiscais constataram que a autoriza\u00e7\u00e3o do estabelecimento havia sido cancelada pela ANP em 18 de maio de 2026. Mesmo assim, o","og_url":"https:\/\/www.minasemfoco.com.br\/portal\/sul-de-minas\/posto-de-combustiveis-e-interditado-apos-funcionar-com-autorizacao-cancelada-pela-anp-no-sul-de-minas\/","og_site_name":"Minas em Foco","article_published_time":"2026-09-04T20:01:37+00:00","og_image":[{"width":1000,"height":683,"url":"https:\/\/www.minasemfoco.com.br\/portal\/wp-content\/uploads\/2026\/09\/noticia-interdicao-posto-em-conceicao-dos-ouros.jpg","type":"image\/jpeg"}],"author":"admin","twitter_card":"summary_large_image","twitter_misc":{"Escrito por":"admin","Est. tempo de leitura":"1 minuto"},"schema":{"@context":"https:\/\/schema.org","@graph":[{"@type":"Article","@id":"https:\/\/www.minasemfoco.com.br\/portal\/sul-de-minas\/posto-de-combustiveis-e-interditado-apos-funcionar-com-autorizacao-cancelada-pela-anp-no-sul-de-minas\/#article","isPartOf":{"@id":"https:\/\/www.minasemfoco.com.br\/portal\/sul-de-minas\/posto-de-combustiveis-e-interditado-apos-funcionar-com-autorizacao-cancelada-pela-anp-no-sul-de-minas\/"},"author":{"name":"admin","@id":"https:\/\/www.minasemfoco.com.br\/portal\/#\/schema\/person\/3f6bd4bdeadbf51a94c3dea2625024e2"},"headline":"Posto de combust\u00edveis \u00e9 interditado ap\u00f3s funcionar com autoriza\u00e7\u00e3o cancelada pela ANP no Sul de Minas","datePublished":"2026-09-04T20:01:37+00:00","mainEntityOfPage":{"@id":"https:\/\/www.minasemfoco.com.br\/portal\/sul-de-minas\/posto-de-combustiveis-e-interditado-apos-funcionar-com-autorizacao-cancelada-pela-anp-no-sul-de-minas\/"},"wordCount":179,"commentCount":0,"publisher":{"@id":"https:\/\/www.minasemfoco.com.br\/portal\/#organization"},"image":{"@id":"https:\/\/www.minasemfoco.com.br\/portal\/sul-de-minas\/posto-de-combustiveis-e-interditado-apos-funcionar-com-autorizacao-cancelada-pela-anp-no-sul-de-minas\/#primaryimage"},"thumbnailUrl":"https:\/\/www.minasemfoco.com.br\/portal\/wp-content\/uploads\/2026\/09\/noticia-interdicao-posto-em-conceicao-dos-ouros.jpg","articleSection":["Sul de Minas"],"inLanguage":"pt-BR","potentialAction":[{"@type":"CommentAction","name":"Comment","target":["https:\/\/www.minasemfoco.com.br\/portal\/sul-de-minas\/posto-de-combustiveis-e-interditado-apos-funcionar-com-autorizacao-cancelada-pela-anp-no-sul-de-minas\/#respond"]}]},{"@type":"WebPage","@id":"https:\/\/www.minasemfoco.com.br\/portal\/sul-de-minas\/posto-de-combustiveis-e-interditado-apos-funcionar-com-autorizacao-cancelada-pela-anp-no-sul-de-minas\/","url":"https:\/\/www.minasemfoco.com.br\/portal\/sul-de-minas\/posto-de-combustiveis-e-interditado-apos-funcionar-com-autorizacao-cancelada-pela-anp-no-sul-de-minas\/","name":"Posto de combust\u00edveis \u00e9 interditado ap\u00f3s funcionar com autoriza\u00e7\u00e3o cancelada pela ANP no Sul de Minas - Minas em Foco","isPartOf":{"@id":"https:\/\/www.minasemfoco.com.br\/portal\/#website"},"primaryImageOfPage":{"@id":"https:\/\/www.minasemfoco.com.br\/portal\/sul-de-minas\/posto-de-combustiveis-e-interditado-apos-funcionar-com-autorizacao-cancelada-pela-anp-no-sul-de-minas\/#primaryimage"},"image":{"@id":"https:\/\/www.minasemfoco.com.br\/portal\/sul-de-minas\/posto-de-combustiveis-e-interditado-apos-funcionar-com-autorizacao-cancelada-pela-anp-no-sul-de-minas\/#primaryimage"},"thumbnailUrl":"https:\/\/www.minasemfoco.com.br\/portal\/wp-content\/uploads\/2026\/09\/noticia-interdicao-posto-em-conceicao-dos-ouros.jpg","datePublished":"2026-09-04T20:01:37+00:00","breadcrumb":{"@id":"https:\/\/www.minasemfoco.com.br\/portal\/sul-de-minas\/posto-de-combustiveis-e-interditado-apos-funcionar-com-autorizacao-cancelada-pela-anp-no-sul-de-minas\/#breadcrumb"},"inLanguage":"pt-BR","potentialAction":[{"@type":"ReadAction","target":["https:\/\/www.minasemfoco.com.br\/portal\/sul-de-minas\/posto-de-combustiveis-e-interditado-apos-funcionar-com-autorizacao-cancelada-pela-anp-no-sul-de-minas\/"]}]},{"@type":"ImageObject","inLanguage":"pt-BR","@id":"https:\/\/www.minasemfoco.com.br\/portal\/sul-de-minas\/posto-de-combustiveis-e-interditado-apos-funcionar-com-autorizacao-cancelada-pela-anp-no-sul-de-minas\/#primaryimage","url":"https:\/\/www.minasemfoco.com.br\/portal\/wp-content\/uploads\/2026\/09\/noticia-interdicao-posto-em-conceicao-dos-ouros.jpg","contentUrl":"https:\/\/www.minasemfoco.com.br\/portal\/wp-content\/uploads\/2026\/09\/noticia-interdicao-posto-em-conceicao-dos-ouros.jpg","width":1000,"height":683,"caption":"Imagem: Procon-MPMG"},{"@type":"BreadcrumbList","@id":"https:\/\/www.minasemfoco.com.br\/portal\/sul-de-minas\/posto-de-combustiveis-e-interditado-apos-funcionar-com-autorizacao-cancelada-pela-anp-no-sul-de-minas\/#breadcrumb","itemListElement":[{"@type":"ListItem","position":1,"name":"In\u00edcio","item":"https:\/\/www.minasemfoco.com.br\/portal\/"},{"@type":"ListItem","position":2,"name":"Posto de combust\u00edveis \u00e9 interditado ap\u00f3s funcionar com autoriza\u00e7\u00e3o cancelada pela ANP no Sul de Minas"}]},{"@type":"WebSite","@id":"https:\/\/www.minasemfoco.com.br\/portal\/#website","url":"https:\/\/www.minasemfoco.com.br\/portal\/","name":"Minas em Foco","description":"","publisher":{"@id":"https:\/\/www.minasemfoco.com.br\/portal\/#organization"},"potentialAction":[{"@type":"SearchAction","target":{"@type":"EntryPoint","urlTemplate":"https:\/\/www.minasemfoco.com.br\/portal\/?s={search_term_string}"},"query-input":{"@type":"PropertyValueSpecification","valueRequired":true,"valueName":"search_term_string"}}],"inLanguage":"pt-BR"},{"@type":"Organization","@id":"https:\/\/www.minasemfoco.com.br\/portal\/#organization","name":"Minas em Foco","url":"https:\/\/www.minasemfoco.com.br\/portal\/","logo":{"@type":"ImageObject","inLanguage":"pt-BR","@id":"https:\/\/www.minasemfoco.com.br\/portal\/#\/schema\/logo\/image\/","url":"https:\/\/www.minasemfoco.com.br\/portal\/wp-content\/uploads\/2026\/04\/logo1.png","contentUrl":"https:\/\/www.minasemfoco.com.br\/portal\/wp-content\/uploads\/2026\/04\/logo1.png","width":1236,"height":461,"caption":"Minas em Foco"},"image":{"@id":"https:\/\/www.minasemfoco.com.br\/portal\/#\/schema\/logo\/image\/"}},{"@type":"Person","@id":"https:\/\/www.minasemfoco.com.br\/portal\/#\/schema\/person\/3f6bd4bdeadbf51a94c3dea2625024e2","name":"admin","image":{"@type":"ImageObject","inLanguage":"pt-BR","@id":"https:\/\/www.minasemfoco.com.br\/portal\/wp-content\/litespeed\/avatar\/54516da205052da20f27d19cd1bde445.jpg?ver=1788194102","url":"https:\/\/www.minasemfoco.com.br\/portal\/wp-content\/litespeed\/avatar\/54516da205052da20f27d19cd1bde445.jpg?ver=1788194102","contentUrl":"https:\/\/www.minasemfoco.com.br\/portal\/wp-content\/litespeed\/avatar\/54516da205052da20f27d19cd1bde445.jpg?ver=1788194102","caption":"admin"},"url":"https:\/\/www.minasemfoco.com.br\/portal\/author\/admin\/"}]}},"_links":{"self":[{"href":"https:\/\/www.minasemfoco.com.br\/portal\/wp-json\/wp\/v2\/posts\/43117","targetHints":{"allow":["GET"]}}],"collection":[{"href":"https:\/\/www.minasemfoco.com.br\/portal\/wp-json\/wp\/v2\/posts"}],"about":[{"href":"https:\/\/www.minasemfoco.com.br\/portal\/wp-json\/wp\/v2\/types\/post"}],"author":[{"embeddable":true,"href":"https:\/\/www.minasemfoco.com.br\/portal\/wp-json\/wp\/v2\/users\/3"}],"replies":[{"embeddable":true,"href":"https:\/\/www.minasemfoco.com.br\/portal\/wp-json\/wp\/v2\/comments?post=43117"}],"version-history":[{"count":1,"href":"https:\/\/www.minasemfoco.com.br\/portal\/wp-json\/wp\/v2\/posts\/43117\/revisions"}],"predecessor-version":[{"id":43119,"href":"https:\/\/www.minasemfoco.com.br\/portal\/wp-json\/wp\/v2\/posts\/43117\/revisions\/43119"}],"wp:featuredmedia":[{"embeddable":true,"href":"https:\/\/www.minasemfoco.com.br\/portal\/wp-json\/wp\/v2\/media\/43118"}],"wp:attachment":[{"href":"https:\/\/www.minasemfoco.com.br\/portal\/wp-json\/wp\/v2\/media?parent=43117"}],"wp:term":[{"taxonomy":"category","embeddable":true,"href":"https:\/\/www.minasemfoco.com.br\/portal\/wp-json\/wp\/v2\/categories?post=43117"},{"taxonomy":"post_tag","embeddable":true,"href":"https:\/\/www.minasemfoco.com.br\/portal\/wp-json\/wp\/v2\/tags?post=43117"}],"curies":[{"name":"wp","href":"https:\/\/api.w.org\/{rel}","templated":true}]}}