{"id":43120,"date":"2026-09-04T17:07:26","date_gmt":"2026-09-04T20:07:26","guid":{"rendered":"https:\/\/www.minasemfoco.com.br\/portal\/?p=43120"},"modified":"2026-09-04T17:07:26","modified_gmt":"2026-09-04T20:07:26","slug":"bms-deixa-itapevi-e-transfere-operacao-logistica-para-extrema-no-sul-de-minas","status":"publish","type":"post","link":"https:\/\/www.minasemfoco.com.br\/portal\/sul-de-minas\/bms-deixa-itapevi-e-transfere-operacao-logistica-para-extrema-no-sul-de-minas\/","title":{"rendered":"BMS deixa Itapevi e transfere opera\u00e7\u00e3o log\u00edstica para Extrema, no Sul de Minas"},"content":{"rendered":"<p class=\"isSelectedEnd\"><span style=\"font-family: tahoma, arial, helvetica, sans-serif; font-size: 12pt;\">A farmac\u00eautica brit\u00e2nica <strong>Bristol Myers Squibb (BMS)<\/strong> transferiu sua opera\u00e7\u00e3o log\u00edstica da cidade de <strong>Itapevi, em S\u00e3o Paulo, para Extrema, no Sul de Minas<\/strong>. A empresa passou a utilizar uma grande estrutura da <strong>DHL Supply Chain<\/strong> no munic\u00edpio mineiro.<\/span><\/p><div id=\"minas-191776083\" class=\"minas-conteudo minas-entity-placement\"><div id=\"39170-1\"><script src=\"\/\/ads.themoneytizer.com\/s\/gen.js?type=1\"><\/script><script src=\"\/\/ads.themoneytizer.com\/s\/requestform.js?siteId=39170&formatId=1\" ><\/script><\/div><\/div>\n<p class=\"isSelectedEnd\"><span style=\"font-family: tahoma, arial, helvetica, sans-serif; font-size: 12pt;\">Segundo Fl\u00e1via Zanetti, diretora financeira da BMS Brasil, a mudan\u00e7a representa <strong>um avan\u00e7o estrat\u00e9gico para a opera\u00e7\u00e3o da companhia no pa\u00eds<\/strong>.<\/span><\/p>\n<blockquote>\n<p class=\"isSelectedEnd\"><span style=\"font-family: tahoma, arial, helvetica, sans-serif; font-size: 12pt;\">\u201cA mudan\u00e7a da opera\u00e7\u00e3o log\u00edstica para Extrema representa um avan\u00e7o estrat\u00e9gico importante para a BMS no Brasil. A nova estrutura nos permite operar com maior capacidade, seguran\u00e7a e controle de qualidade\u201d, afirmou \u00e0 imprensa.<\/span><\/p>\n<\/blockquote>\n<h3><span style=\"font-family: tahoma, arial, helvetica, sans-serif; font-size: 14pt;\">Extrema ganha espa\u00e7o na log\u00edstica<\/span><\/h3>\n<p class=\"isSelectedEnd\"><span style=\"font-family: tahoma, arial, helvetica, sans-serif; font-size: 12pt;\">Localizada na <strong>divisa entre Minas Gerais e S\u00e3o Paulo<\/strong>, Extrema se consolidou como um dos principais polos log\u00edsticos do pa\u00eds. O munic\u00edpio est\u00e1 a cerca de <strong>110 quil\u00f4metros da capital paulista<\/strong> e possui acesso facilitado a S\u00e3o Paulo e Belo Horizonte.<\/span><\/p>\n<p class=\"isSelectedEnd\"><span style=\"font-family: tahoma, arial, helvetica, sans-serif; font-size: 12pt;\">A cidade concentra <strong>48% de toda a infraestrutura de armaz\u00e9ns log\u00edsticos voltados para o com\u00e9rcio eletr\u00f4nico em Minas Gerais<\/strong>, segundo informa\u00e7\u00f5es citadas pelo Grupo DHL.<\/span><\/p>\n<p class=\"isSelectedEnd\"><span style=\"font-family: tahoma, arial, helvetica, sans-serif; font-size: 12pt;\">Com a transfer\u00eancia, a opera\u00e7\u00e3o da BMS passa a contar com uma <strong>estrutura especializada para atender \u00e0s exig\u00eancias da ind\u00fastria farmac\u00eautica<\/strong>, incluindo maior capacidade, seguran\u00e7a e controle.<\/span><\/p>\n<h3><span style=\"font-family: tahoma, arial, helvetica, sans-serif; font-size: 14pt;\">Medicamentos exigem controle rigoroso<\/span><\/h3>\n<p class=\"isSelectedEnd\"><span style=\"font-family: tahoma, arial, helvetica, sans-serif; font-size: 12pt;\">A DHL informa que a opera\u00e7\u00e3o envolve <strong>medicamentos de alto valor agregado<\/strong>, que precisam de controle rigoroso de temperatura, rastreabilidade e seguran\u00e7a durante todas as etapas da cadeia log\u00edstica.<\/span><\/p>\n<p class=\"isSelectedEnd\"><span style=\"font-family: tahoma, arial, helvetica, sans-serif; font-size: 12pt;\">Al\u00e9m do <strong>armazenamento dos produtos importados pela BMS Brasil<\/strong>, a DHL tamb\u00e9m administra as <strong>c\u00e2maras refrigeradas<\/strong> e coordena a distribui\u00e7\u00e3o dos medicamentos para hospitais e distribuidores especializados em diferentes regi\u00f5es do pa\u00eds.<\/span><\/p>\n<p><span style=\"font-family: tahoma, arial, helvetica, sans-serif; font-size: 12pt;\">As entregas s\u00e3o realizadas pela <strong>DHL Health Logistics<\/strong>, bra\u00e7o especializado da companhia para opera\u00e7\u00f5es na \u00e1rea da sa\u00fade.<\/span><\/p>\n","protected":false},"excerpt":{"rendered":"<p>A farmac\u00eautica brit\u00e2nica Bristol Myers Squibb (BMS) transferiu sua opera\u00e7\u00e3o log\u00edstica da cidade de Itapevi, em S\u00e3o Paulo, para Extrema, no Sul de Minas. A empresa passou a utilizar uma grande estrutura da DHL Supply Chain no munic\u00edpio mineiro. Segundo Fl\u00e1via Zanetti, diretora financeira da BMS Brasil, a mudan\u00e7a representa um avan\u00e7o estrat\u00e9gico para a<\/p>\n","protected":false},"author":3,"featured_media":43121,"comment_status":"open","ping_status":"open","sticky":false,"template":"","format":"standard","meta":{"_sharing_image":[],"_sharing_image_fieldset":[],"footnotes":""},"categories":[532],"tags":[],"class_list":["post-43120","post","type-post","status-publish","format-standard","has-post-thumbnail","category-sul-de-minas"],"yoast_head":"<!-- This site is optimized with the Yoast SEO plugin v27.5 - https:\/\/yoast.com\/product\/yoast-seo-wordpress\/ -->\n<title>BMS deixa Itapevi e transfere opera\u00e7\u00e3o log\u00edstica para Extrema, no Sul de Minas - Minas em Foco<\/title>\n<meta name=\"robots\" content=\"index, follow, max-snippet:-1, max-image-preview:large, max-video-preview:-1\" \/>\n<link rel=\"canonical\" href=\"https:\/\/www.minasemfoco.com.br\/portal\/sul-de-minas\/bms-deixa-itapevi-e-transfere-operacao-logistica-para-extrema-no-sul-de-minas\/\" \/>\n<meta property=\"og:locale\" content=\"pt_BR\" \/>\n<meta property=\"og:type\" content=\"article\" \/>\n<meta property=\"og:title\" content=\"BMS deixa Itapevi e transfere opera\u00e7\u00e3o log\u00edstica para Extrema, no Sul de Minas - Minas em Foco\" \/>\n<meta property=\"og:description\" content=\"A farmac\u00eautica brit\u00e2nica Bristol Myers Squibb (BMS) transferiu sua opera\u00e7\u00e3o log\u00edstica da cidade de Itapevi, em S\u00e3o Paulo, para Extrema, no Sul de Minas. A empresa passou a utilizar uma grande estrutura da DHL Supply Chain no munic\u00edpio mineiro. Segundo Fl\u00e1via Zanetti, diretora financeira da BMS Brasil, a mudan\u00e7a representa um avan\u00e7o estrat\u00e9gico para a\" \/>\n<meta property=\"og:url\" content=\"https:\/\/www.minasemfoco.com.br\/portal\/sul-de-minas\/bms-deixa-itapevi-e-transfere-operacao-logistica-para-extrema-no-sul-de-minas\/\" \/>\n<meta property=\"og:site_name\" content=\"Minas em Foco\" \/>\n<meta property=\"article:published_time\" content=\"2026-09-04T20:07:26+00:00\" \/>\n<meta property=\"og:image\" content=\"https:\/\/www.minasemfoco.com.br\/portal\/wp-content\/uploads\/2026\/09\/economia-logistica-dhl-extrema-1788469265.jpg\" \/>\n\t<meta property=\"og:image:width\" content=\"1200\" \/>\n\t<meta property=\"og:image:height\" content=\"675\" \/>\n\t<meta property=\"og:image:type\" content=\"image\/jpeg\" \/>\n<meta name=\"author\" content=\"admin\" \/>\n<meta name=\"twitter:card\" content=\"summary_large_image\" \/>\n<meta name=\"twitter:label1\" content=\"Escrito por\" \/>\n\t<meta name=\"twitter:data1\" content=\"admin\" \/>\n\t<meta name=\"twitter:label2\" content=\"Est. tempo de leitura\" \/>\n\t<meta name=\"twitter:data2\" content=\"2 minutos\" \/>\n<script type=\"application\/ld+json\" class=\"yoast-schema-graph\">{\"@context\":\"https:\\\/\\\/schema.org\",\"@graph\":[{\"@type\":\"Article\",\"@id\":\"https:\\\/\\\/www.minasemfoco.com.br\\\/portal\\\/sul-de-minas\\\/bms-deixa-itapevi-e-transfere-operacao-logistica-para-extrema-no-sul-de-minas\\\/#article\",\"isPartOf\":{\"@id\":\"https:\\\/\\\/www.minasemfoco.com.br\\\/portal\\\/sul-de-minas\\\/bms-deixa-itapevi-e-transfere-operacao-logistica-para-extrema-no-sul-de-minas\\\/\"},\"author\":{\"name\":\"admin\",\"@id\":\"https:\\\/\\\/www.minasemfoco.com.br\\\/portal\\\/#\\\/schema\\\/person\\\/3f6bd4bdeadbf51a94c3dea2625024e2\"},\"headline\":\"BMS deixa Itapevi e transfere opera\u00e7\u00e3o log\u00edstica para Extrema, no Sul de Minas\",\"datePublished\":\"2026-09-04T20:07:26+00:00\",\"mainEntityOfPage\":{\"@id\":\"https:\\\/\\\/www.minasemfoco.com.br\\\/portal\\\/sul-de-minas\\\/bms-deixa-itapevi-e-transfere-operacao-logistica-para-extrema-no-sul-de-minas\\\/\"},\"wordCount\":337,\"commentCount\":0,\"publisher\":{\"@id\":\"https:\\\/\\\/www.minasemfoco.com.br\\\/portal\\\/#organization\"},\"image\":{\"@id\":\"https:\\\/\\\/www.minasemfoco.com.br\\\/portal\\\/sul-de-minas\\\/bms-deixa-itapevi-e-transfere-operacao-logistica-para-extrema-no-sul-de-minas\\\/#primaryimage\"},\"thumbnailUrl\":\"https:\\\/\\\/www.minasemfoco.com.br\\\/portal\\\/wp-content\\\/uploads\\\/2026\\\/09\\\/economia-logistica-dhl-extrema-1788469265.jpg\",\"articleSection\":[\"Sul de Minas\"],\"inLanguage\":\"pt-BR\",\"potentialAction\":[{\"@type\":\"CommentAction\",\"name\":\"Comment\",\"target\":[\"https:\\\/\\\/www.minasemfoco.com.br\\\/portal\\\/sul-de-minas\\\/bms-deixa-itapevi-e-transfere-operacao-logistica-para-extrema-no-sul-de-minas\\\/#respond\"]}]},{\"@type\":\"WebPage\",\"@id\":\"https:\\\/\\\/www.minasemfoco.com.br\\\/portal\\\/sul-de-minas\\\/bms-deixa-itapevi-e-transfere-operacao-logistica-para-extrema-no-sul-de-minas\\\/\",\"url\":\"https:\\\/\\\/www.minasemfoco.com.br\\\/portal\\\/sul-de-minas\\\/bms-deixa-itapevi-e-transfere-operacao-logistica-para-extrema-no-sul-de-minas\\\/\",\"name\":\"BMS deixa Itapevi e transfere opera\u00e7\u00e3o log\u00edstica para Extrema, no Sul de Minas - Minas em Foco\",\"isPartOf\":{\"@id\":\"https:\\\/\\\/www.minasemfoco.com.br\\\/portal\\\/#website\"},\"primaryImageOfPage\":{\"@id\":\"https:\\\/\\\/www.minasemfoco.com.br\\\/portal\\\/sul-de-minas\\\/bms-deixa-itapevi-e-transfere-operacao-logistica-para-extrema-no-sul-de-minas\\\/#primaryimage\"},\"image\":{\"@id\":\"https:\\\/\\\/www.minasemfoco.com.br\\\/portal\\\/sul-de-minas\\\/bms-deixa-itapevi-e-transfere-operacao-logistica-para-extrema-no-sul-de-minas\\\/#primaryimage\"},\"thumbnailUrl\":\"https:\\\/\\\/www.minasemfoco.com.br\\\/portal\\\/wp-content\\\/uploads\\\/2026\\\/09\\\/economia-logistica-dhl-extrema-1788469265.jpg\",\"datePublished\":\"2026-09-04T20:07:26+00:00\",\"breadcrumb\":{\"@id\":\"https:\\\/\\\/www.minasemfoco.com.br\\\/portal\\\/sul-de-minas\\\/bms-deixa-itapevi-e-transfere-operacao-logistica-para-extrema-no-sul-de-minas\\\/#breadcrumb\"},\"inLanguage\":\"pt-BR\",\"potentialAction\":[{\"@type\":\"ReadAction\",\"target\":[\"https:\\\/\\\/www.minasemfoco.com.br\\\/portal\\\/sul-de-minas\\\/bms-deixa-itapevi-e-transfere-operacao-logistica-para-extrema-no-sul-de-minas\\\/\"]}]},{\"@type\":\"ImageObject\",\"inLanguage\":\"pt-BR\",\"@id\":\"https:\\\/\\\/www.minasemfoco.com.br\\\/portal\\\/sul-de-minas\\\/bms-deixa-itapevi-e-transfere-operacao-logistica-para-extrema-no-sul-de-minas\\\/#primaryimage\",\"url\":\"https:\\\/\\\/www.minasemfoco.com.br\\\/portal\\\/wp-content\\\/uploads\\\/2026\\\/09\\\/economia-logistica-dhl-extrema-1788469265.jpg\",\"contentUrl\":\"https:\\\/\\\/www.minasemfoco.com.br\\\/portal\\\/wp-content\\\/uploads\\\/2026\\\/09\\\/economia-logistica-dhl-extrema-1788469265.jpg\",\"width\":1200,\"height\":675,\"caption\":\"Imagem ilustrativa de um dos galp\u00f5es da DHL em Extrema, no Sul de Minas Foto: DHL\\\/Divulga\u00e7\u00e3o\"},{\"@type\":\"BreadcrumbList\",\"@id\":\"https:\\\/\\\/www.minasemfoco.com.br\\\/portal\\\/sul-de-minas\\\/bms-deixa-itapevi-e-transfere-operacao-logistica-para-extrema-no-sul-de-minas\\\/#breadcrumb\",\"itemListElement\":[{\"@type\":\"ListItem\",\"position\":1,\"name\":\"In\u00edcio\",\"item\":\"https:\\\/\\\/www.minasemfoco.com.br\\\/portal\\\/\"},{\"@type\":\"ListItem\",\"position\":2,\"name\":\"BMS deixa Itapevi e transfere opera\u00e7\u00e3o log\u00edstica para Extrema, no Sul de Minas\"}]},{\"@type\":\"WebSite\",\"@id\":\"https:\\\/\\\/www.minasemfoco.com.br\\\/portal\\\/#website\",\"url\":\"https:\\\/\\\/www.minasemfoco.com.br\\\/portal\\\/\",\"name\":\"Minas em Foco\",\"description\":\"\",\"publisher\":{\"@id\":\"https:\\\/\\\/www.minasemfoco.com.br\\\/portal\\\/#organization\"},\"potentialAction\":[{\"@type\":\"SearchAction\",\"target\":{\"@type\":\"EntryPoint\",\"urlTemplate\":\"https:\\\/\\\/www.minasemfoco.com.br\\\/portal\\\/?s={search_term_string}\"},\"query-input\":{\"@type\":\"PropertyValueSpecification\",\"valueRequired\":true,\"valueName\":\"search_term_string\"}}],\"inLanguage\":\"pt-BR\"},{\"@type\":\"Organization\",\"@id\":\"https:\\\/\\\/www.minasemfoco.com.br\\\/portal\\\/#organization\",\"name\":\"Minas em Foco\",\"url\":\"https:\\\/\\\/www.minasemfoco.com.br\\\/portal\\\/\",\"logo\":{\"@type\":\"ImageObject\",\"inLanguage\":\"pt-BR\",\"@id\":\"https:\\\/\\\/www.minasemfoco.com.br\\\/portal\\\/#\\\/schema\\\/logo\\\/image\\\/\",\"url\":\"https:\\\/\\\/www.minasemfoco.com.br\\\/portal\\\/wp-content\\\/uploads\\\/2026\\\/04\\\/logo1.png\",\"contentUrl\":\"https:\\\/\\\/www.minasemfoco.com.br\\\/portal\\\/wp-content\\\/uploads\\\/2026\\\/04\\\/logo1.png\",\"width\":1236,\"height\":461,\"caption\":\"Minas em Foco\"},\"image\":{\"@id\":\"https:\\\/\\\/www.minasemfoco.com.br\\\/portal\\\/#\\\/schema\\\/logo\\\/image\\\/\"}},{\"@type\":\"Person\",\"@id\":\"https:\\\/\\\/www.minasemfoco.com.br\\\/portal\\\/#\\\/schema\\\/person\\\/3f6bd4bdeadbf51a94c3dea2625024e2\",\"name\":\"admin\",\"image\":{\"@type\":\"ImageObject\",\"inLanguage\":\"pt-BR\",\"@id\":\"https:\\\/\\\/www.minasemfoco.com.br\\\/portal\\\/wp-content\\\/litespeed\\\/avatar\\\/54516da205052da20f27d19cd1bde445.jpg?ver=1788194102\",\"url\":\"https:\\\/\\\/www.minasemfoco.com.br\\\/portal\\\/wp-content\\\/litespeed\\\/avatar\\\/54516da205052da20f27d19cd1bde445.jpg?ver=1788194102\",\"contentUrl\":\"https:\\\/\\\/www.minasemfoco.com.br\\\/portal\\\/wp-content\\\/litespeed\\\/avatar\\\/54516da205052da20f27d19cd1bde445.jpg?ver=1788194102\",\"caption\":\"admin\"},\"url\":\"https:\\\/\\\/www.minasemfoco.com.br\\\/portal\\\/author\\\/admin\\\/\"}]}<\/script>\n<!-- \/ Yoast SEO plugin. -->","yoast_head_json":{"title":"BMS deixa Itapevi e transfere opera\u00e7\u00e3o log\u00edstica para Extrema, no Sul de Minas - Minas em Foco","robots":{"index":"index","follow":"follow","max-snippet":"max-snippet:-1","max-image-preview":"max-image-preview:large","max-video-preview":"max-video-preview:-1"},"canonical":"https:\/\/www.minasemfoco.com.br\/portal\/sul-de-minas\/bms-deixa-itapevi-e-transfere-operacao-logistica-para-extrema-no-sul-de-minas\/","og_locale":"pt_BR","og_type":"article","og_title":"BMS deixa Itapevi e transfere opera\u00e7\u00e3o log\u00edstica para Extrema, no Sul de Minas - Minas em Foco","og_description":"A farmac\u00eautica brit\u00e2nica Bristol Myers Squibb (BMS) transferiu sua opera\u00e7\u00e3o log\u00edstica da cidade de Itapevi, em S\u00e3o Paulo, para Extrema, no Sul de Minas. A empresa passou a utilizar uma grande estrutura da DHL Supply Chain no munic\u00edpio mineiro. Segundo Fl\u00e1via Zanetti, diretora financeira da BMS Brasil, a mudan\u00e7a representa um avan\u00e7o estrat\u00e9gico para a","og_url":"https:\/\/www.minasemfoco.com.br\/portal\/sul-de-minas\/bms-deixa-itapevi-e-transfere-operacao-logistica-para-extrema-no-sul-de-minas\/","og_site_name":"Minas em Foco","article_published_time":"2026-09-04T20:07:26+00:00","og_image":[{"width":1200,"height":675,"url":"https:\/\/www.minasemfoco.com.br\/portal\/wp-content\/uploads\/2026\/09\/economia-logistica-dhl-extrema-1788469265.jpg","type":"image\/jpeg"}],"author":"admin","twitter_card":"summary_large_image","twitter_misc":{"Escrito por":"admin","Est. tempo de leitura":"2 minutos"},"schema":{"@context":"https:\/\/schema.org","@graph":[{"@type":"Article","@id":"https:\/\/www.minasemfoco.com.br\/portal\/sul-de-minas\/bms-deixa-itapevi-e-transfere-operacao-logistica-para-extrema-no-sul-de-minas\/#article","isPartOf":{"@id":"https:\/\/www.minasemfoco.com.br\/portal\/sul-de-minas\/bms-deixa-itapevi-e-transfere-operacao-logistica-para-extrema-no-sul-de-minas\/"},"author":{"name":"admin","@id":"https:\/\/www.minasemfoco.com.br\/portal\/#\/schema\/person\/3f6bd4bdeadbf51a94c3dea2625024e2"},"headline":"BMS deixa Itapevi e transfere opera\u00e7\u00e3o log\u00edstica para Extrema, no Sul de Minas","datePublished":"2026-09-04T20:07:26+00:00","mainEntityOfPage":{"@id":"https:\/\/www.minasemfoco.com.br\/portal\/sul-de-minas\/bms-deixa-itapevi-e-transfere-operacao-logistica-para-extrema-no-sul-de-minas\/"},"wordCount":337,"commentCount":0,"publisher":{"@id":"https:\/\/www.minasemfoco.com.br\/portal\/#organization"},"image":{"@id":"https:\/\/www.minasemfoco.com.br\/portal\/sul-de-minas\/bms-deixa-itapevi-e-transfere-operacao-logistica-para-extrema-no-sul-de-minas\/#primaryimage"},"thumbnailUrl":"https:\/\/www.minasemfoco.com.br\/portal\/wp-content\/uploads\/2026\/09\/economia-logistica-dhl-extrema-1788469265.jpg","articleSection":["Sul de Minas"],"inLanguage":"pt-BR","potentialAction":[{"@type":"CommentAction","name":"Comment","target":["https:\/\/www.minasemfoco.com.br\/portal\/sul-de-minas\/bms-deixa-itapevi-e-transfere-operacao-logistica-para-extrema-no-sul-de-minas\/#respond"]}]},{"@type":"WebPage","@id":"https:\/\/www.minasemfoco.com.br\/portal\/sul-de-minas\/bms-deixa-itapevi-e-transfere-operacao-logistica-para-extrema-no-sul-de-minas\/","url":"https:\/\/www.minasemfoco.com.br\/portal\/sul-de-minas\/bms-deixa-itapevi-e-transfere-operacao-logistica-para-extrema-no-sul-de-minas\/","name":"BMS deixa Itapevi e transfere opera\u00e7\u00e3o log\u00edstica para Extrema, no Sul de Minas - Minas em Foco","isPartOf":{"@id":"https:\/\/www.minasemfoco.com.br\/portal\/#website"},"primaryImageOfPage":{"@id":"https:\/\/www.minasemfoco.com.br\/portal\/sul-de-minas\/bms-deixa-itapevi-e-transfere-operacao-logistica-para-extrema-no-sul-de-minas\/#primaryimage"},"image":{"@id":"https:\/\/www.minasemfoco.com.br\/portal\/sul-de-minas\/bms-deixa-itapevi-e-transfere-operacao-logistica-para-extrema-no-sul-de-minas\/#primaryimage"},"thumbnailUrl":"https:\/\/www.minasemfoco.com.br\/portal\/wp-content\/uploads\/2026\/09\/economia-logistica-dhl-extrema-1788469265.jpg","datePublished":"2026-09-04T20:07:26+00:00","breadcrumb":{"@id":"https:\/\/www.minasemfoco.com.br\/portal\/sul-de-minas\/bms-deixa-itapevi-e-transfere-operacao-logistica-para-extrema-no-sul-de-minas\/#breadcrumb"},"inLanguage":"pt-BR","potentialAction":[{"@type":"ReadAction","target":["https:\/\/www.minasemfoco.com.br\/portal\/sul-de-minas\/bms-deixa-itapevi-e-transfere-operacao-logistica-para-extrema-no-sul-de-minas\/"]}]},{"@type":"ImageObject","inLanguage":"pt-BR","@id":"https:\/\/www.minasemfoco.com.br\/portal\/sul-de-minas\/bms-deixa-itapevi-e-transfere-operacao-logistica-para-extrema-no-sul-de-minas\/#primaryimage","url":"https:\/\/www.minasemfoco.com.br\/portal\/wp-content\/uploads\/2026\/09\/economia-logistica-dhl-extrema-1788469265.jpg","contentUrl":"https:\/\/www.minasemfoco.com.br\/portal\/wp-content\/uploads\/2026\/09\/economia-logistica-dhl-extrema-1788469265.jpg","width":1200,"height":675,"caption":"Imagem ilustrativa de um dos galp\u00f5es da DHL em Extrema, no Sul de Minas Foto: DHL\/Divulga\u00e7\u00e3o"},{"@type":"BreadcrumbList","@id":"https:\/\/www.minasemfoco.com.br\/portal\/sul-de-minas\/bms-deixa-itapevi-e-transfere-operacao-logistica-para-extrema-no-sul-de-minas\/#breadcrumb","itemListElement":[{"@type":"ListItem","position":1,"name":"In\u00edcio","item":"https:\/\/www.minasemfoco.com.br\/portal\/"},{"@type":"ListItem","position":2,"name":"BMS deixa Itapevi e transfere opera\u00e7\u00e3o log\u00edstica para Extrema, no Sul de Minas"}]},{"@type":"WebSite","@id":"https:\/\/www.minasemfoco.com.br\/portal\/#website","url":"https:\/\/www.minasemfoco.com.br\/portal\/","name":"Minas em Foco","description":"","publisher":{"@id":"https:\/\/www.minasemfoco.com.br\/portal\/#organization"},"potentialAction":[{"@type":"SearchAction","target":{"@type":"EntryPoint","urlTemplate":"https:\/\/www.minasemfoco.com.br\/portal\/?s={search_term_string}"},"query-input":{"@type":"PropertyValueSpecification","valueRequired":true,"valueName":"search_term_string"}}],"inLanguage":"pt-BR"},{"@type":"Organization","@id":"https:\/\/www.minasemfoco.com.br\/portal\/#organization","name":"Minas em Foco","url":"https:\/\/www.minasemfoco.com.br\/portal\/","logo":{"@type":"ImageObject","inLanguage":"pt-BR","@id":"https:\/\/www.minasemfoco.com.br\/portal\/#\/schema\/logo\/image\/","url":"https:\/\/www.minasemfoco.com.br\/portal\/wp-content\/uploads\/2026\/04\/logo1.png","contentUrl":"https:\/\/www.minasemfoco.com.br\/portal\/wp-content\/uploads\/2026\/04\/logo1.png","width":1236,"height":461,"caption":"Minas em Foco"},"image":{"@id":"https:\/\/www.minasemfoco.com.br\/portal\/#\/schema\/logo\/image\/"}},{"@type":"Person","@id":"https:\/\/www.minasemfoco.com.br\/portal\/#\/schema\/person\/3f6bd4bdeadbf51a94c3dea2625024e2","name":"admin","image":{"@type":"ImageObject","inLanguage":"pt-BR","@id":"https:\/\/www.minasemfoco.com.br\/portal\/wp-content\/litespeed\/avatar\/54516da205052da20f27d19cd1bde445.jpg?ver=1788194102","url":"https:\/\/www.minasemfoco.com.br\/portal\/wp-content\/litespeed\/avatar\/54516da205052da20f27d19cd1bde445.jpg?ver=1788194102","contentUrl":"https:\/\/www.minasemfoco.com.br\/portal\/wp-content\/litespeed\/avatar\/54516da205052da20f27d19cd1bde445.jpg?ver=1788194102","caption":"admin"},"url":"https:\/\/www.minasemfoco.com.br\/portal\/author\/admin\/"}]}},"_links":{"self":[{"href":"https:\/\/www.minasemfoco.com.br\/portal\/wp-json\/wp\/v2\/posts\/43120","targetHints":{"allow":["GET"]}}],"collection":[{"href":"https:\/\/www.minasemfoco.com.br\/portal\/wp-json\/wp\/v2\/posts"}],"about":[{"href":"https:\/\/www.minasemfoco.com.br\/portal\/wp-json\/wp\/v2\/types\/post"}],"author":[{"embeddable":true,"href":"https:\/\/www.minasemfoco.com.br\/portal\/wp-json\/wp\/v2\/users\/3"}],"replies":[{"embeddable":true,"href":"https:\/\/www.minasemfoco.com.br\/portal\/wp-json\/wp\/v2\/comments?post=43120"}],"version-history":[{"count":1,"href":"https:\/\/www.minasemfoco.com.br\/portal\/wp-json\/wp\/v2\/posts\/43120\/revisions"}],"predecessor-version":[{"id":43122,"href":"https:\/\/www.minasemfoco.com.br\/portal\/wp-json\/wp\/v2\/posts\/43120\/revisions\/43122"}],"wp:featuredmedia":[{"embeddable":true,"href":"https:\/\/www.minasemfoco.com.br\/portal\/wp-json\/wp\/v2\/media\/43121"}],"wp:attachment":[{"href":"https:\/\/www.minasemfoco.com.br\/portal\/wp-json\/wp\/v2\/media?parent=43120"}],"wp:term":[{"taxonomy":"category","embeddable":true,"href":"https:\/\/www.minasemfoco.com.br\/portal\/wp-json\/wp\/v2\/categories?post=43120"},{"taxonomy":"post_tag","embeddable":true,"href":"https:\/\/www.minasemfoco.com.br\/portal\/wp-json\/wp\/v2\/tags?post=43120"}],"curies":[{"name":"wp","href":"https:\/\/api.w.org\/{rel}","templated":true}]}}