{"id":43123,"date":"2026-09-04T17:14:25","date_gmt":"2026-09-04T20:14:25","guid":{"rendered":"https:\/\/www.minasemfoco.com.br\/portal\/?p=43123"},"modified":"2026-09-04T17:14:25","modified_gmt":"2026-09-04T20:14:25","slug":"operacao-contra-crime-organizado-prende-tres-e-apreende-adolescente-em-pouso-alegre","status":"publish","type":"post","link":"https:\/\/www.minasemfoco.com.br\/portal\/sul-de-minas\/operacao-contra-crime-organizado-prende-tres-e-apreende-adolescente-em-pouso-alegre\/","title":{"rendered":"Opera\u00e7\u00e3o contra crime organizado prende tr\u00eas e apreende adolescente em Pouso Alegre"},"content":{"rendered":"<p class=\"isSelectedEnd\"><span style=\"font-size: 12pt; font-family: tahoma, arial, helvetica, sans-serif;\">Tr\u00eas pessoas foram presas e um adolescente foi apreendido durante a <strong>Opera\u00e7\u00e3o Prima Actio<\/strong>, realizada em Pouso Alegre, no Sul de Minas. A a\u00e7\u00e3o integrada entre o <strong>Minist\u00e9rio P\u00fablico de Minas Gerais (MPMG)<\/strong> e o <strong>20\u00ba Batalh\u00e3o da Pol\u00edcia Militar<\/strong> foi deflagrada na manh\u00e3 desta quinta-feira (3).<\/span><\/p><div id=\"minas-2046276758\" class=\"minas-conteudo minas-entity-placement\"><div id=\"39170-1\"><script src=\"\/\/ads.themoneytizer.com\/s\/gen.js?type=1\"><\/script><script src=\"\/\/ads.themoneytizer.com\/s\/requestform.js?siteId=39170&formatId=1\" ><\/script><\/div><\/div>\n<p class=\"isSelectedEnd\"><span style=\"font-size: 12pt; font-family: tahoma, arial, helvetica, sans-serif;\">A opera\u00e7\u00e3o teve como objetivo <strong>combater o crime organizado e o tr\u00e1fico de drogas<\/strong> no munic\u00edpio. As equipes concentraram as dilig\u00eancias em quatro pontos estrat\u00e9gicos, com foco em <strong>cinco alvos previamente definidos<\/strong>.<\/span><\/p>\n<p class=\"isSelectedEnd\"><span style=\"font-size: 12pt; font-family: tahoma, arial, helvetica, sans-serif;\">Os mandados de pris\u00e3o e de busca e apreens\u00e3o foram cumpridos no <strong>bairro S\u00e3o Crist\u00f3v\u00e3o e em outras regi\u00f5es de Pouso Alegre<\/strong>.<\/span><\/p>\n<p class=\"isSelectedEnd\"><span style=\"font-size: 12pt; font-family: tahoma, arial, helvetica, sans-serif;\">Durante as buscas, os agentes apreenderam <strong>drogas, muni\u00e7\u00f5es, equipamentos eletr\u00f4nicos, materiais utilizados no tr\u00e1fico e dinheiro<\/strong>.<\/span><\/p>\n<p class=\"isSelectedEnd\"><span style=\"font-size: 12pt; font-family: tahoma, arial, helvetica, sans-serif;\">Entre os itens recolhidos est\u00e3o <strong>24 muni\u00e7\u00f5es de calibre 9 mm, uma por\u00e7\u00e3o de maconha, uma por\u00e7\u00e3o de haxixe e uma pedra de crack<\/strong>.<\/span><\/p>\n<p class=\"isSelectedEnd\"><span style=\"font-size: 12pt; font-family: tahoma, arial, helvetica, sans-serif;\">Tamb\u00e9m foram apreendidos <strong>sete celulares, um notebook, duas m\u00e1quinas de cart\u00e3o, duas balan\u00e7as de precis\u00e3o, um coldre com cinto, embalagens do tipo zip-lock e R$ 512 em dinheiro<\/strong>.<\/span><\/p>\n<p class=\"isSelectedEnd\"><span style=\"font-size: 12pt; font-family: tahoma, arial, helvetica, sans-serif;\">Todo o material foi recolhido e encaminhado para <strong>an\u00e1lise das autoridades competentes<\/strong>.<\/span><\/p>\n<p><span style=\"font-size: 12pt; font-family: tahoma, arial, helvetica, sans-serif;\">Os presos, o adolescente apreendido e os materiais recolhidos <strong>ficaram \u00e0 disposi\u00e7\u00e3o da Justi\u00e7a<\/strong> para os procedimentos e demais desdobramentos das investiga\u00e7\u00f5es.<\/span><\/p>\n","protected":false},"excerpt":{"rendered":"<p>Tr\u00eas pessoas foram presas e um adolescente foi apreendido durante a Opera\u00e7\u00e3o Prima Actio, realizada em Pouso Alegre, no Sul de Minas. A a\u00e7\u00e3o integrada entre o Minist\u00e9rio P\u00fablico de Minas Gerais (MPMG) e o 20\u00ba Batalh\u00e3o da Pol\u00edcia Militar foi deflagrada na manh\u00e3 desta quinta-feira (3). A opera\u00e7\u00e3o teve como objetivo combater o crime<\/p>\n","protected":false},"author":3,"featured_media":43124,"comment_status":"open","ping_status":"open","sticky":false,"template":"","format":"standard","meta":{"_sharing_image":[],"_sharing_image_fieldset":[],"footnotes":""},"categories":[532],"tags":[],"class_list":["post-43123","post","type-post","status-publish","format-standard","has-post-thumbnail","category-sul-de-minas"],"yoast_head":"<!-- This site is optimized with the Yoast SEO plugin v27.5 - https:\/\/yoast.com\/product\/yoast-seo-wordpress\/ -->\n<title>Opera\u00e7\u00e3o contra crime organizado prende tr\u00eas e apreende adolescente em Pouso Alegre - Minas em Foco<\/title>\n<meta name=\"robots\" content=\"index, follow, max-snippet:-1, max-image-preview:large, max-video-preview:-1\" \/>\n<link rel=\"canonical\" href=\"https:\/\/www.minasemfoco.com.br\/portal\/sul-de-minas\/operacao-contra-crime-organizado-prende-tres-e-apreende-adolescente-em-pouso-alegre\/\" \/>\n<meta property=\"og:locale\" content=\"pt_BR\" \/>\n<meta property=\"og:type\" content=\"article\" \/>\n<meta property=\"og:title\" content=\"Opera\u00e7\u00e3o contra crime organizado prende tr\u00eas e apreende adolescente em Pouso Alegre - Minas em Foco\" \/>\n<meta property=\"og:description\" content=\"Tr\u00eas pessoas foram presas e um adolescente foi apreendido durante a Opera\u00e7\u00e3o Prima Actio, realizada em Pouso Alegre, no Sul de Minas. A a\u00e7\u00e3o integrada entre o Minist\u00e9rio P\u00fablico de Minas Gerais (MPMG) e o 20\u00ba Batalh\u00e3o da Pol\u00edcia Militar foi deflagrada na manh\u00e3 desta quinta-feira (3). A opera\u00e7\u00e3o teve como objetivo combater o crime\" \/>\n<meta property=\"og:url\" content=\"https:\/\/www.minasemfoco.com.br\/portal\/sul-de-minas\/operacao-contra-crime-organizado-prende-tres-e-apreende-adolescente-em-pouso-alegre\/\" \/>\n<meta property=\"og:site_name\" content=\"Minas em Foco\" \/>\n<meta property=\"article:published_time\" content=\"2026-09-04T20:14:25+00:00\" \/>\n<meta property=\"og:image\" content=\"https:\/\/www.minasemfoco.com.br\/portal\/wp-content\/uploads\/2026\/09\/Captura-de-tela-2026-09-04-131149.webp\" \/>\n\t<meta property=\"og:image:width\" content=\"659\" \/>\n\t<meta property=\"og:image:height\" content=\"405\" \/>\n\t<meta property=\"og:image:type\" content=\"image\/webp\" \/>\n<meta name=\"author\" content=\"admin\" \/>\n<meta name=\"twitter:card\" content=\"summary_large_image\" \/>\n<meta name=\"twitter:label1\" content=\"Escrito por\" \/>\n\t<meta name=\"twitter:data1\" content=\"admin\" \/>\n\t<meta name=\"twitter:label2\" content=\"Est. tempo de leitura\" \/>\n\t<meta name=\"twitter:data2\" content=\"2 minutos\" \/>\n<script type=\"application\/ld+json\" class=\"yoast-schema-graph\">{\"@context\":\"https:\\\/\\\/schema.org\",\"@graph\":[{\"@type\":\"Article\",\"@id\":\"https:\\\/\\\/www.minasemfoco.com.br\\\/portal\\\/sul-de-minas\\\/operacao-contra-crime-organizado-prende-tres-e-apreende-adolescente-em-pouso-alegre\\\/#article\",\"isPartOf\":{\"@id\":\"https:\\\/\\\/www.minasemfoco.com.br\\\/portal\\\/sul-de-minas\\\/operacao-contra-crime-organizado-prende-tres-e-apreende-adolescente-em-pouso-alegre\\\/\"},\"author\":{\"name\":\"admin\",\"@id\":\"https:\\\/\\\/www.minasemfoco.com.br\\\/portal\\\/#\\\/schema\\\/person\\\/3f6bd4bdeadbf51a94c3dea2625024e2\"},\"headline\":\"Opera\u00e7\u00e3o contra crime organizado prende tr\u00eas e apreende adolescente em Pouso Alegre\",\"datePublished\":\"2026-09-04T20:14:25+00:00\",\"mainEntityOfPage\":{\"@id\":\"https:\\\/\\\/www.minasemfoco.com.br\\\/portal\\\/sul-de-minas\\\/operacao-contra-crime-organizado-prende-tres-e-apreende-adolescente-em-pouso-alegre\\\/\"},\"wordCount\":245,\"commentCount\":0,\"publisher\":{\"@id\":\"https:\\\/\\\/www.minasemfoco.com.br\\\/portal\\\/#organization\"},\"image\":{\"@id\":\"https:\\\/\\\/www.minasemfoco.com.br\\\/portal\\\/sul-de-minas\\\/operacao-contra-crime-organizado-prende-tres-e-apreende-adolescente-em-pouso-alegre\\\/#primaryimage\"},\"thumbnailUrl\":\"https:\\\/\\\/www.minasemfoco.com.br\\\/portal\\\/wp-content\\\/uploads\\\/2026\\\/09\\\/Captura-de-tela-2026-09-04-131149.webp\",\"articleSection\":[\"Sul de Minas\"],\"inLanguage\":\"pt-BR\",\"potentialAction\":[{\"@type\":\"CommentAction\",\"name\":\"Comment\",\"target\":[\"https:\\\/\\\/www.minasemfoco.com.br\\\/portal\\\/sul-de-minas\\\/operacao-contra-crime-organizado-prende-tres-e-apreende-adolescente-em-pouso-alegre\\\/#respond\"]}]},{\"@type\":\"WebPage\",\"@id\":\"https:\\\/\\\/www.minasemfoco.com.br\\\/portal\\\/sul-de-minas\\\/operacao-contra-crime-organizado-prende-tres-e-apreende-adolescente-em-pouso-alegre\\\/\",\"url\":\"https:\\\/\\\/www.minasemfoco.com.br\\\/portal\\\/sul-de-minas\\\/operacao-contra-crime-organizado-prende-tres-e-apreende-adolescente-em-pouso-alegre\\\/\",\"name\":\"Opera\u00e7\u00e3o contra crime organizado prende tr\u00eas e apreende adolescente em Pouso Alegre - Minas em Foco\",\"isPartOf\":{\"@id\":\"https:\\\/\\\/www.minasemfoco.com.br\\\/portal\\\/#website\"},\"primaryImageOfPage\":{\"@id\":\"https:\\\/\\\/www.minasemfoco.com.br\\\/portal\\\/sul-de-minas\\\/operacao-contra-crime-organizado-prende-tres-e-apreende-adolescente-em-pouso-alegre\\\/#primaryimage\"},\"image\":{\"@id\":\"https:\\\/\\\/www.minasemfoco.com.br\\\/portal\\\/sul-de-minas\\\/operacao-contra-crime-organizado-prende-tres-e-apreende-adolescente-em-pouso-alegre\\\/#primaryimage\"},\"thumbnailUrl\":\"https:\\\/\\\/www.minasemfoco.com.br\\\/portal\\\/wp-content\\\/uploads\\\/2026\\\/09\\\/Captura-de-tela-2026-09-04-131149.webp\",\"datePublished\":\"2026-09-04T20:14:25+00:00\",\"breadcrumb\":{\"@id\":\"https:\\\/\\\/www.minasemfoco.com.br\\\/portal\\\/sul-de-minas\\\/operacao-contra-crime-organizado-prende-tres-e-apreende-adolescente-em-pouso-alegre\\\/#breadcrumb\"},\"inLanguage\":\"pt-BR\",\"potentialAction\":[{\"@type\":\"ReadAction\",\"target\":[\"https:\\\/\\\/www.minasemfoco.com.br\\\/portal\\\/sul-de-minas\\\/operacao-contra-crime-organizado-prende-tres-e-apreende-adolescente-em-pouso-alegre\\\/\"]}]},{\"@type\":\"ImageObject\",\"inLanguage\":\"pt-BR\",\"@id\":\"https:\\\/\\\/www.minasemfoco.com.br\\\/portal\\\/sul-de-minas\\\/operacao-contra-crime-organizado-prende-tres-e-apreende-adolescente-em-pouso-alegre\\\/#primaryimage\",\"url\":\"https:\\\/\\\/www.minasemfoco.com.br\\\/portal\\\/wp-content\\\/uploads\\\/2026\\\/09\\\/Captura-de-tela-2026-09-04-131149.webp\",\"contentUrl\":\"https:\\\/\\\/www.minasemfoco.com.br\\\/portal\\\/wp-content\\\/uploads\\\/2026\\\/09\\\/Captura-de-tela-2026-09-04-131149.webp\",\"width\":659,\"height\":405,\"caption\":\"Tr\u00eas pessoas foram presas e um adolescente foi apreendido em uma opera\u00e7\u00e3o contra o tr\u00e1fico de drogas e o crime organizado em Pouso Alegre. \u2022 Minist\u00e9rio P\u00fablico\"},{\"@type\":\"BreadcrumbList\",\"@id\":\"https:\\\/\\\/www.minasemfoco.com.br\\\/portal\\\/sul-de-minas\\\/operacao-contra-crime-organizado-prende-tres-e-apreende-adolescente-em-pouso-alegre\\\/#breadcrumb\",\"itemListElement\":[{\"@type\":\"ListItem\",\"position\":1,\"name\":\"In\u00edcio\",\"item\":\"https:\\\/\\\/www.minasemfoco.com.br\\\/portal\\\/\"},{\"@type\":\"ListItem\",\"position\":2,\"name\":\"Opera\u00e7\u00e3o contra crime organizado prende tr\u00eas e apreende adolescente em Pouso Alegre\"}]},{\"@type\":\"WebSite\",\"@id\":\"https:\\\/\\\/www.minasemfoco.com.br\\\/portal\\\/#website\",\"url\":\"https:\\\/\\\/www.minasemfoco.com.br\\\/portal\\\/\",\"name\":\"Minas em Foco\",\"description\":\"\",\"publisher\":{\"@id\":\"https:\\\/\\\/www.minasemfoco.com.br\\\/portal\\\/#organization\"},\"potentialAction\":[{\"@type\":\"SearchAction\",\"target\":{\"@type\":\"EntryPoint\",\"urlTemplate\":\"https:\\\/\\\/www.minasemfoco.com.br\\\/portal\\\/?s={search_term_string}\"},\"query-input\":{\"@type\":\"PropertyValueSpecification\",\"valueRequired\":true,\"valueName\":\"search_term_string\"}}],\"inLanguage\":\"pt-BR\"},{\"@type\":\"Organization\",\"@id\":\"https:\\\/\\\/www.minasemfoco.com.br\\\/portal\\\/#organization\",\"name\":\"Minas em Foco\",\"url\":\"https:\\\/\\\/www.minasemfoco.com.br\\\/portal\\\/\",\"logo\":{\"@type\":\"ImageObject\",\"inLanguage\":\"pt-BR\",\"@id\":\"https:\\\/\\\/www.minasemfoco.com.br\\\/portal\\\/#\\\/schema\\\/logo\\\/image\\\/\",\"url\":\"https:\\\/\\\/www.minasemfoco.com.br\\\/portal\\\/wp-content\\\/uploads\\\/2026\\\/04\\\/logo1.png\",\"contentUrl\":\"https:\\\/\\\/www.minasemfoco.com.br\\\/portal\\\/wp-content\\\/uploads\\\/2026\\\/04\\\/logo1.png\",\"width\":1236,\"height\":461,\"caption\":\"Minas em Foco\"},\"image\":{\"@id\":\"https:\\\/\\\/www.minasemfoco.com.br\\\/portal\\\/#\\\/schema\\\/logo\\\/image\\\/\"}},{\"@type\":\"Person\",\"@id\":\"https:\\\/\\\/www.minasemfoco.com.br\\\/portal\\\/#\\\/schema\\\/person\\\/3f6bd4bdeadbf51a94c3dea2625024e2\",\"name\":\"admin\",\"image\":{\"@type\":\"ImageObject\",\"inLanguage\":\"pt-BR\",\"@id\":\"https:\\\/\\\/www.minasemfoco.com.br\\\/portal\\\/wp-content\\\/litespeed\\\/avatar\\\/54516da205052da20f27d19cd1bde445.jpg?ver=1788194102\",\"url\":\"https:\\\/\\\/www.minasemfoco.com.br\\\/portal\\\/wp-content\\\/litespeed\\\/avatar\\\/54516da205052da20f27d19cd1bde445.jpg?ver=1788194102\",\"contentUrl\":\"https:\\\/\\\/www.minasemfoco.com.br\\\/portal\\\/wp-content\\\/litespeed\\\/avatar\\\/54516da205052da20f27d19cd1bde445.jpg?ver=1788194102\",\"caption\":\"admin\"},\"url\":\"https:\\\/\\\/www.minasemfoco.com.br\\\/portal\\\/author\\\/admin\\\/\"}]}<\/script>\n<!-- \/ Yoast SEO plugin. -->","yoast_head_json":{"title":"Opera\u00e7\u00e3o contra crime organizado prende tr\u00eas e apreende adolescente em Pouso Alegre - Minas em Foco","robots":{"index":"index","follow":"follow","max-snippet":"max-snippet:-1","max-image-preview":"max-image-preview:large","max-video-preview":"max-video-preview:-1"},"canonical":"https:\/\/www.minasemfoco.com.br\/portal\/sul-de-minas\/operacao-contra-crime-organizado-prende-tres-e-apreende-adolescente-em-pouso-alegre\/","og_locale":"pt_BR","og_type":"article","og_title":"Opera\u00e7\u00e3o contra crime organizado prende tr\u00eas e apreende adolescente em Pouso Alegre - Minas em Foco","og_description":"Tr\u00eas pessoas foram presas e um adolescente foi apreendido durante a Opera\u00e7\u00e3o Prima Actio, realizada em Pouso Alegre, no Sul de Minas. A a\u00e7\u00e3o integrada entre o Minist\u00e9rio P\u00fablico de Minas Gerais (MPMG) e o 20\u00ba Batalh\u00e3o da Pol\u00edcia Militar foi deflagrada na manh\u00e3 desta quinta-feira (3). A opera\u00e7\u00e3o teve como objetivo combater o crime","og_url":"https:\/\/www.minasemfoco.com.br\/portal\/sul-de-minas\/operacao-contra-crime-organizado-prende-tres-e-apreende-adolescente-em-pouso-alegre\/","og_site_name":"Minas em Foco","article_published_time":"2026-09-04T20:14:25+00:00","og_image":[{"width":659,"height":405,"url":"https:\/\/www.minasemfoco.com.br\/portal\/wp-content\/uploads\/2026\/09\/Captura-de-tela-2026-09-04-131149.webp","type":"image\/webp"}],"author":"admin","twitter_card":"summary_large_image","twitter_misc":{"Escrito por":"admin","Est. tempo de leitura":"2 minutos"},"schema":{"@context":"https:\/\/schema.org","@graph":[{"@type":"Article","@id":"https:\/\/www.minasemfoco.com.br\/portal\/sul-de-minas\/operacao-contra-crime-organizado-prende-tres-e-apreende-adolescente-em-pouso-alegre\/#article","isPartOf":{"@id":"https:\/\/www.minasemfoco.com.br\/portal\/sul-de-minas\/operacao-contra-crime-organizado-prende-tres-e-apreende-adolescente-em-pouso-alegre\/"},"author":{"name":"admin","@id":"https:\/\/www.minasemfoco.com.br\/portal\/#\/schema\/person\/3f6bd4bdeadbf51a94c3dea2625024e2"},"headline":"Opera\u00e7\u00e3o contra crime organizado prende tr\u00eas e apreende adolescente em Pouso Alegre","datePublished":"2026-09-04T20:14:25+00:00","mainEntityOfPage":{"@id":"https:\/\/www.minasemfoco.com.br\/portal\/sul-de-minas\/operacao-contra-crime-organizado-prende-tres-e-apreende-adolescente-em-pouso-alegre\/"},"wordCount":245,"commentCount":0,"publisher":{"@id":"https:\/\/www.minasemfoco.com.br\/portal\/#organization"},"image":{"@id":"https:\/\/www.minasemfoco.com.br\/portal\/sul-de-minas\/operacao-contra-crime-organizado-prende-tres-e-apreende-adolescente-em-pouso-alegre\/#primaryimage"},"thumbnailUrl":"https:\/\/www.minasemfoco.com.br\/portal\/wp-content\/uploads\/2026\/09\/Captura-de-tela-2026-09-04-131149.webp","articleSection":["Sul de Minas"],"inLanguage":"pt-BR","potentialAction":[{"@type":"CommentAction","name":"Comment","target":["https:\/\/www.minasemfoco.com.br\/portal\/sul-de-minas\/operacao-contra-crime-organizado-prende-tres-e-apreende-adolescente-em-pouso-alegre\/#respond"]}]},{"@type":"WebPage","@id":"https:\/\/www.minasemfoco.com.br\/portal\/sul-de-minas\/operacao-contra-crime-organizado-prende-tres-e-apreende-adolescente-em-pouso-alegre\/","url":"https:\/\/www.minasemfoco.com.br\/portal\/sul-de-minas\/operacao-contra-crime-organizado-prende-tres-e-apreende-adolescente-em-pouso-alegre\/","name":"Opera\u00e7\u00e3o contra crime organizado prende tr\u00eas e apreende adolescente em Pouso Alegre - Minas em Foco","isPartOf":{"@id":"https:\/\/www.minasemfoco.com.br\/portal\/#website"},"primaryImageOfPage":{"@id":"https:\/\/www.minasemfoco.com.br\/portal\/sul-de-minas\/operacao-contra-crime-organizado-prende-tres-e-apreende-adolescente-em-pouso-alegre\/#primaryimage"},"image":{"@id":"https:\/\/www.minasemfoco.com.br\/portal\/sul-de-minas\/operacao-contra-crime-organizado-prende-tres-e-apreende-adolescente-em-pouso-alegre\/#primaryimage"},"thumbnailUrl":"https:\/\/www.minasemfoco.com.br\/portal\/wp-content\/uploads\/2026\/09\/Captura-de-tela-2026-09-04-131149.webp","datePublished":"2026-09-04T20:14:25+00:00","breadcrumb":{"@id":"https:\/\/www.minasemfoco.com.br\/portal\/sul-de-minas\/operacao-contra-crime-organizado-prende-tres-e-apreende-adolescente-em-pouso-alegre\/#breadcrumb"},"inLanguage":"pt-BR","potentialAction":[{"@type":"ReadAction","target":["https:\/\/www.minasemfoco.com.br\/portal\/sul-de-minas\/operacao-contra-crime-organizado-prende-tres-e-apreende-adolescente-em-pouso-alegre\/"]}]},{"@type":"ImageObject","inLanguage":"pt-BR","@id":"https:\/\/www.minasemfoco.com.br\/portal\/sul-de-minas\/operacao-contra-crime-organizado-prende-tres-e-apreende-adolescente-em-pouso-alegre\/#primaryimage","url":"https:\/\/www.minasemfoco.com.br\/portal\/wp-content\/uploads\/2026\/09\/Captura-de-tela-2026-09-04-131149.webp","contentUrl":"https:\/\/www.minasemfoco.com.br\/portal\/wp-content\/uploads\/2026\/09\/Captura-de-tela-2026-09-04-131149.webp","width":659,"height":405,"caption":"Tr\u00eas pessoas foram presas e um adolescente foi apreendido em uma opera\u00e7\u00e3o contra o tr\u00e1fico de drogas e o crime organizado em Pouso Alegre. \u2022 Minist\u00e9rio P\u00fablico"},{"@type":"BreadcrumbList","@id":"https:\/\/www.minasemfoco.com.br\/portal\/sul-de-minas\/operacao-contra-crime-organizado-prende-tres-e-apreende-adolescente-em-pouso-alegre\/#breadcrumb","itemListElement":[{"@type":"ListItem","position":1,"name":"In\u00edcio","item":"https:\/\/www.minasemfoco.com.br\/portal\/"},{"@type":"ListItem","position":2,"name":"Opera\u00e7\u00e3o contra crime organizado prende tr\u00eas e apreende adolescente em Pouso Alegre"}]},{"@type":"WebSite","@id":"https:\/\/www.minasemfoco.com.br\/portal\/#website","url":"https:\/\/www.minasemfoco.com.br\/portal\/","name":"Minas em Foco","description":"","publisher":{"@id":"https:\/\/www.minasemfoco.com.br\/portal\/#organization"},"potentialAction":[{"@type":"SearchAction","target":{"@type":"EntryPoint","urlTemplate":"https:\/\/www.minasemfoco.com.br\/portal\/?s={search_term_string}"},"query-input":{"@type":"PropertyValueSpecification","valueRequired":true,"valueName":"search_term_string"}}],"inLanguage":"pt-BR"},{"@type":"Organization","@id":"https:\/\/www.minasemfoco.com.br\/portal\/#organization","name":"Minas em Foco","url":"https:\/\/www.minasemfoco.com.br\/portal\/","logo":{"@type":"ImageObject","inLanguage":"pt-BR","@id":"https:\/\/www.minasemfoco.com.br\/portal\/#\/schema\/logo\/image\/","url":"https:\/\/www.minasemfoco.com.br\/portal\/wp-content\/uploads\/2026\/04\/logo1.png","contentUrl":"https:\/\/www.minasemfoco.com.br\/portal\/wp-content\/uploads\/2026\/04\/logo1.png","width":1236,"height":461,"caption":"Minas em Foco"},"image":{"@id":"https:\/\/www.minasemfoco.com.br\/portal\/#\/schema\/logo\/image\/"}},{"@type":"Person","@id":"https:\/\/www.minasemfoco.com.br\/portal\/#\/schema\/person\/3f6bd4bdeadbf51a94c3dea2625024e2","name":"admin","image":{"@type":"ImageObject","inLanguage":"pt-BR","@id":"https:\/\/www.minasemfoco.com.br\/portal\/wp-content\/litespeed\/avatar\/54516da205052da20f27d19cd1bde445.jpg?ver=1788194102","url":"https:\/\/www.minasemfoco.com.br\/portal\/wp-content\/litespeed\/avatar\/54516da205052da20f27d19cd1bde445.jpg?ver=1788194102","contentUrl":"https:\/\/www.minasemfoco.com.br\/portal\/wp-content\/litespeed\/avatar\/54516da205052da20f27d19cd1bde445.jpg?ver=1788194102","caption":"admin"},"url":"https:\/\/www.minasemfoco.com.br\/portal\/author\/admin\/"}]}},"_links":{"self":[{"href":"https:\/\/www.minasemfoco.com.br\/portal\/wp-json\/wp\/v2\/posts\/43123","targetHints":{"allow":["GET"]}}],"collection":[{"href":"https:\/\/www.minasemfoco.com.br\/portal\/wp-json\/wp\/v2\/posts"}],"about":[{"href":"https:\/\/www.minasemfoco.com.br\/portal\/wp-json\/wp\/v2\/types\/post"}],"author":[{"embeddable":true,"href":"https:\/\/www.minasemfoco.com.br\/portal\/wp-json\/wp\/v2\/users\/3"}],"replies":[{"embeddable":true,"href":"https:\/\/www.minasemfoco.com.br\/portal\/wp-json\/wp\/v2\/comments?post=43123"}],"version-history":[{"count":1,"href":"https:\/\/www.minasemfoco.com.br\/portal\/wp-json\/wp\/v2\/posts\/43123\/revisions"}],"predecessor-version":[{"id":43125,"href":"https:\/\/www.minasemfoco.com.br\/portal\/wp-json\/wp\/v2\/posts\/43123\/revisions\/43125"}],"wp:featuredmedia":[{"embeddable":true,"href":"https:\/\/www.minasemfoco.com.br\/portal\/wp-json\/wp\/v2\/media\/43124"}],"wp:attachment":[{"href":"https:\/\/www.minasemfoco.com.br\/portal\/wp-json\/wp\/v2\/media?parent=43123"}],"wp:term":[{"taxonomy":"category","embeddable":true,"href":"https:\/\/www.minasemfoco.com.br\/portal\/wp-json\/wp\/v2\/categories?post=43123"},{"taxonomy":"post_tag","embeddable":true,"href":"https:\/\/www.minasemfoco.com.br\/portal\/wp-json\/wp\/v2\/tags?post=43123"}],"curies":[{"name":"wp","href":"https:\/\/api.w.org\/{rel}","templated":true}]}}